{"id":463357,"date":"2026-09-04T10:25:23","date_gmt":"2026-09-04T14:25:23","guid":{"rendered":"https:\/\/autosphere.ca\/?p=463357"},"modified":"2026-09-04T10:25:23","modified_gmt":"2026-09-04T14:25:23","slug":"un-veteran-de-continental-prend-les-commandes-du-marche-canadien","status":"publish","type":"post","link":"https:\/\/autosphere.ca\/fr\/pneus\/2026\/09\/04\/un-veteran-de-continental-prend-les-commandes-du-marche-canadien\/","title":{"rendered":"Un v\u00e9t\u00e9ran de Continental prend les commandes du march\u00e9 canadien"},"content":{"rendered":"<p dir=\"ltr\"><strong>Cumulant plus de 20 ans d&rsquo;exp\u00e9rience au sein du groupe, Frank Buntinx prend la direction des op\u00e9rations canadiennes de Continental Tire.<\/strong><\/p>\n<p dir=\"ltr\"><span>Continental Tire Canada a annonc\u00e9 la nomination de Frank Buntinx au poste de directeur g\u00e9n\u00e9ral. Entr\u00e9 en fonction le 17 ao\u00fbt 2026, M. Buntinx prend la responsabilit\u00e9 de l&rsquo;ensemble des activit\u00e9s de la soci\u00e9t\u00e9 au pays, supervisant les segments des pneus pour v\u00e9hicules de promenade et camionnettes, v\u00e9hicules commerciaux ainsi que les pneus sp\u00e9cialis\u00e9s.<\/span><\/p>\n<p dir=\"ltr\"><span>Pour les r\u00e9seaux de distribution de pneus, les d\u00e9taillants et les gestionnaires de parcs commerciaux, cette nomination apporte une expertise internationale ax\u00e9e sur les solutions de flotte. M. Buntinx a effectu\u00e9 l&rsquo;ensemble de sa carri\u00e8re chez Continental depuis 2003, occupant diverses fonctions en logistique, marketing, tarification et ventes avant de diriger la division des pneus pour camions et des solutions de flotte dans la r\u00e9gion du Benelux.<\/span><\/p>\n<p dir=\"ltr\"><span>Frank Buntinx entend s&rsquo;appuyer sur la pr\u00e9sence \u00e9tablie du fabricant pour renforcer la position de Continental sur le march\u00e9 canadien et appuyer la croissance de ses partenaires commerciaux.<\/span><\/p>\n","protected":false},"excerpt":{"rendered":"<p>Cumulant plus de 20 ans d&rsquo;exp\u00e9rience au sein du groupe, Frank Buntinx prend la direction des op\u00e9rations canadiennes de Continental Tire. Continental Tire Canada a annonc\u00e9 la nomination de Frank Buntinx au poste de directeur g\u00e9n\u00e9ral. Entr\u00e9 en fonction le 17 ao\u00fbt 2026, M. Buntinx prend la responsabilit\u00e9 de l&rsquo;ensemble des activit\u00e9s de la soci\u00e9t\u00e9&#8230;<\/p>\n","protected":false},"author":526,"featured_media":463358,"comment_status":"closed","ping_status":"open","sticky":false,"template":"","format":"standard","meta":{"_acf_changed":false,"footnotes":""},"categories":[826,599],"tags":[10486],"class_list":["post-463357","post","type-post","status-publish","format-standard","has-post-thumbnail","hentry","category-pneus-communique","category-pneus","tag-continental-tire"],"acf":[],"yoast_head":"<!-- This site is optimized with the Yoast SEO Premium plugin v27.7 (Yoast SEO v27.7) - https:\/\/yoast.com\/product\/yoast-seo-premium-wordpress\/ -->\n<title>Un v\u00e9t\u00e9ran de Continental prend les commandes du march\u00e9 canadien - Autosphere<\/title>\n<meta name=\"description\" content=\"Cumulant plus de 20 ans d&#039;exp\u00e9rience au sein du groupe, Frank Buntinx prend la direction des op\u00e9rations canadiennes de Continental Tire.\" \/>\n<meta name=\"robots\" content=\"index, follow, max-snippet:-1, max-image-preview:large, max-video-preview:-1\" \/>\n<link rel=\"canonical\" href=\"https:\/\/autosphere.ca\/fr\/pneus\/2026\/09\/04\/un-veteran-de-continental-prend-les-commandes-du-marche-canadien\/\" \/>\n<meta property=\"og:locale\" content=\"fr_FR\" \/>\n<meta property=\"og:type\" content=\"article\" \/>\n<meta property=\"og:title\" content=\"Un v\u00e9t\u00e9ran de Continental prend les commandes du march\u00e9 canadien\" \/>\n<meta property=\"og:description\" content=\"Cumulant plus de 20 ans d&#039;exp\u00e9rience au sein du groupe, Frank Buntinx prend la direction des op\u00e9rations canadiennes de Continental Tire.\" \/>\n<meta property=\"og:url\" content=\"https:\/\/autosphere.ca\/fr\/pneus\/2026\/09\/04\/un-veteran-de-continental-prend-les-commandes-du-marche-canadien\/\" \/>\n<meta property=\"og:site_name\" content=\"Autosphere\" \/>\n<meta property=\"article:publisher\" content=\"https:\/\/www.facebook.com\/autosphere.ca\" \/>\n<meta property=\"article:published_time\" content=\"2026-09-04T14:25:23+00:00\" \/>\n<meta property=\"og:image\" content=\"https:\/\/autosphere.ca\/wp-content\/uploads\/2026\/09\/AAA-13-3.jpg\" \/>\n\t<meta property=\"og:image:width\" content=\"758\" \/>\n\t<meta property=\"og:image:height\" content=\"585\" \/>\n\t<meta property=\"og:image:type\" content=\"image\/jpeg\" \/>\n<meta name=\"author\" content=\"Autosphere\" \/>\n<meta name=\"twitter:card\" content=\"summary_large_image\" \/>\n<meta name=\"twitter:creator\" content=\"@autosphere_ca\" \/>\n<meta name=\"twitter:site\" content=\"@autosphere_ca\" \/>\n<meta name=\"twitter:label1\" content=\"\u00c9crit par\" \/>\n\t<meta name=\"twitter:data1\" content=\"Autosphere\" \/>\n\t<meta name=\"twitter:label2\" content=\"Dur\u00e9e de lecture estim\u00e9e\" \/>\n\t<meta name=\"twitter:data2\" content=\"1 minute\" \/>\n<script type=\"application\/ld+json\" class=\"yoast-schema-graph\">{\"@context\":\"https:\\\/\\\/schema.org\",\"@graph\":[{\"@type\":\"Article\",\"@id\":\"https:\\\/\\\/autosphere.ca\\\/fr\\\/pneus\\\/2026\\\/09\\\/04\\\/un-veteran-de-continental-prend-les-commandes-du-marche-canadien\\\/#article\",\"isPartOf\":{\"@id\":\"https:\\\/\\\/autosphere.ca\\\/fr\\\/pneus\\\/2026\\\/09\\\/04\\\/un-veteran-de-continental-prend-les-commandes-du-marche-canadien\\\/\"},\"author\":{\"name\":\"Autosphere\",\"@id\":\"https:\\\/\\\/autosphere.ca\\\/fr\\\/#\\\/schema\\\/person\\\/ff9c09c47127ce21917a66cfc3eec193\"},\"headline\":\"Un v\u00e9t\u00e9ran de Continental prend les commandes du march\u00e9 canadien\",\"datePublished\":\"2026-09-04T14:25:23+00:00\",\"mainEntityOfPage\":{\"@id\":\"https:\\\/\\\/autosphere.ca\\\/fr\\\/pneus\\\/2026\\\/09\\\/04\\\/un-veteran-de-continental-prend-les-commandes-du-marche-canadien\\\/\"},\"wordCount\":199,\"publisher\":{\"@id\":\"https:\\\/\\\/autosphere.ca\\\/fr\\\/#organization\"},\"image\":{\"@id\":\"https:\\\/\\\/autosphere.ca\\\/fr\\\/pneus\\\/2026\\\/09\\\/04\\\/un-veteran-de-continental-prend-les-commandes-du-marche-canadien\\\/#primaryimage\"},\"thumbnailUrl\":\"https:\\\/\\\/autosphere.ca\\\/wp-content\\\/uploads\\\/2026\\\/09\\\/AAA-13-3.jpg\",\"keywords\":[\"Continental Tire\"],\"articleSection\":[\"Communiqu\u00e9 de presse\",\"Pneus\"],\"inLanguage\":\"fr-FR\",\"copyrightYear\":\"2026\",\"copyrightHolder\":{\"@id\":\"https:\\\/\\\/autosphere.ca\\\/#organization\"}},{\"@type\":\"WebPage\",\"@id\":\"https:\\\/\\\/autosphere.ca\\\/fr\\\/pneus\\\/2026\\\/09\\\/04\\\/un-veteran-de-continental-prend-les-commandes-du-marche-canadien\\\/\",\"url\":\"https:\\\/\\\/autosphere.ca\\\/fr\\\/pneus\\\/2026\\\/09\\\/04\\\/un-veteran-de-continental-prend-les-commandes-du-marche-canadien\\\/\",\"name\":\"Un v\u00e9t\u00e9ran de Continental prend les commandes du march\u00e9 canadien - Autosphere\",\"isPartOf\":{\"@id\":\"https:\\\/\\\/autosphere.ca\\\/fr\\\/#website\"},\"primaryImageOfPage\":{\"@id\":\"https:\\\/\\\/autosphere.ca\\\/fr\\\/pneus\\\/2026\\\/09\\\/04\\\/un-veteran-de-continental-prend-les-commandes-du-marche-canadien\\\/#primaryimage\"},\"image\":{\"@id\":\"https:\\\/\\\/autosphere.ca\\\/fr\\\/pneus\\\/2026\\\/09\\\/04\\\/un-veteran-de-continental-prend-les-commandes-du-marche-canadien\\\/#primaryimage\"},\"thumbnailUrl\":\"https:\\\/\\\/autosphere.ca\\\/wp-content\\\/uploads\\\/2026\\\/09\\\/AAA-13-3.jpg\",\"datePublished\":\"2026-09-04T14:25:23+00:00\",\"description\":\"Cumulant plus de 20 ans d'exp\u00e9rience au sein du groupe, Frank Buntinx prend la direction des op\u00e9rations canadiennes de Continental Tire.\",\"breadcrumb\":{\"@id\":\"https:\\\/\\\/autosphere.ca\\\/fr\\\/pneus\\\/2026\\\/09\\\/04\\\/un-veteran-de-continental-prend-les-commandes-du-marche-canadien\\\/#breadcrumb\"},\"inLanguage\":\"fr-FR\",\"potentialAction\":[{\"@type\":\"ReadAction\",\"target\":[\"https:\\\/\\\/autosphere.ca\\\/fr\\\/pneus\\\/2026\\\/09\\\/04\\\/un-veteran-de-continental-prend-les-commandes-du-marche-canadien\\\/\"]}]},{\"@type\":\"ImageObject\",\"inLanguage\":\"fr-FR\",\"@id\":\"https:\\\/\\\/autosphere.ca\\\/fr\\\/pneus\\\/2026\\\/09\\\/04\\\/un-veteran-de-continental-prend-les-commandes-du-marche-canadien\\\/#primaryimage\",\"url\":\"https:\\\/\\\/autosphere.ca\\\/wp-content\\\/uploads\\\/2026\\\/09\\\/AAA-13-3.jpg\",\"contentUrl\":\"https:\\\/\\\/autosphere.ca\\\/wp-content\\\/uploads\\\/2026\\\/09\\\/AAA-13-3.jpg\",\"width\":758,\"height\":585},{\"@type\":\"BreadcrumbList\",\"@id\":\"https:\\\/\\\/autosphere.ca\\\/fr\\\/pneus\\\/2026\\\/09\\\/04\\\/un-veteran-de-continental-prend-les-commandes-du-marche-canadien\\\/#breadcrumb\",\"itemListElement\":[{\"@type\":\"ListItem\",\"position\":1,\"name\":\"Autosphere\",\"item\":\"https:\\\/\\\/autosphere.ca\\\/fr\\\/\"},{\"@type\":\"ListItem\",\"position\":2,\"name\":\"Pneus\",\"item\":\"https:\\\/\\\/autosphere.ca\\\/fr\\\/category\\\/pneus\\\/\"},{\"@type\":\"ListItem\",\"position\":3,\"name\":\"Un v\u00e9t\u00e9ran de Continental prend les commandes du march\u00e9 canadien\"}]},{\"@type\":\"WebSite\",\"@id\":\"https:\\\/\\\/autosphere.ca\\\/fr\\\/#website\",\"url\":\"https:\\\/\\\/autosphere.ca\\\/fr\\\/\",\"name\":\"Autosphere\",\"description\":\"Articles et nouvelles de l&#039;industrie automobile\",\"publisher\":{\"@id\":\"https:\\\/\\\/autosphere.ca\\\/fr\\\/#organization\"},\"potentialAction\":[{\"@type\":\"SearchAction\",\"target\":{\"@type\":\"EntryPoint\",\"urlTemplate\":\"https:\\\/\\\/autosphere.ca\\\/fr\\\/?s={search_term_string}\"},\"query-input\":{\"@type\":\"PropertyValueSpecification\",\"valueRequired\":true,\"valueName\":\"search_term_string\"}}],\"inLanguage\":\"fr-FR\"},{\"@type\":\"Organization\",\"@id\":\"https:\\\/\\\/autosphere.ca\\\/fr\\\/#organization\",\"name\":\"Autosphere\",\"url\":\"https:\\\/\\\/autosphere.ca\\\/fr\\\/\",\"logo\":{\"@type\":\"ImageObject\",\"inLanguage\":\"fr-FR\",\"@id\":\"https:\\\/\\\/autosphere.ca\\\/fr\\\/#\\\/schema\\\/logo\\\/image\\\/\",\"url\":\"https:\\\/\\\/autosphere.ca\\\/wp-content\\\/uploads\\\/2021\\\/06\\\/AutosphereLogo-SM.png\",\"contentUrl\":\"https:\\\/\\\/autosphere.ca\\\/wp-content\\\/uploads\\\/2021\\\/06\\\/AutosphereLogo-SM.png\",\"width\":586,\"height\":586,\"caption\":\"Autosphere\"},\"image\":{\"@id\":\"https:\\\/\\\/autosphere.ca\\\/fr\\\/#\\\/schema\\\/logo\\\/image\\\/\"},\"sameAs\":[\"https:\\\/\\\/www.facebook.com\\\/autosphere.ca\",\"https:\\\/\\\/x.com\\\/autosphere_ca\",\"https:\\\/\\\/www.linkedin.com\\\/company\\\/autosphere-en\"]},{\"@type\":\"Person\",\"@id\":\"https:\\\/\\\/autosphere.ca\\\/fr\\\/#\\\/schema\\\/person\\\/ff9c09c47127ce21917a66cfc3eec193\",\"name\":\"Autosphere\",\"image\":{\"@type\":\"ImageObject\",\"inLanguage\":\"fr-FR\",\"@id\":\"https:\\\/\\\/secure.gravatar.com\\\/avatar\\\/7902cacedf6834a87d945093aa200ff224945e9d18489bcd83ab0447f70000be?s=96&d=mm&r=g\",\"url\":\"https:\\\/\\\/secure.gravatar.com\\\/avatar\\\/7902cacedf6834a87d945093aa200ff224945e9d18489bcd83ab0447f70000be?s=96&d=mm&r=g\",\"contentUrl\":\"https:\\\/\\\/secure.gravatar.com\\\/avatar\\\/7902cacedf6834a87d945093aa200ff224945e9d18489bcd83ab0447f70000be?s=96&d=mm&r=g\",\"caption\":\"Autosphere\"},\"url\":\"https:\\\/\\\/autosphere.ca\\\/fr\\\/author\\\/janick-murray-hall\\\/\"}]}<\/script>\n<!-- \/ Yoast SEO Premium plugin. -->","yoast_head_json":{"title":"Un v\u00e9t\u00e9ran de Continental prend les commandes du march\u00e9 canadien - Autosphere","description":"Cumulant plus de 20 ans d'exp\u00e9rience au sein du groupe, Frank Buntinx prend la direction des op\u00e9rations canadiennes de Continental Tire.","robots":{"index":"index","follow":"follow","max-snippet":"max-snippet:-1","max-image-preview":"max-image-preview:large","max-video-preview":"max-video-preview:-1"},"canonical":"https:\/\/autosphere.ca\/fr\/pneus\/2026\/09\/04\/un-veteran-de-continental-prend-les-commandes-du-marche-canadien\/","og_locale":"fr_FR","og_type":"article","og_title":"Un v\u00e9t\u00e9ran de Continental prend les commandes du march\u00e9 canadien","og_description":"Cumulant plus de 20 ans d'exp\u00e9rience au sein du groupe, Frank Buntinx prend la direction des op\u00e9rations canadiennes de Continental Tire.","og_url":"https:\/\/autosphere.ca\/fr\/pneus\/2026\/09\/04\/un-veteran-de-continental-prend-les-commandes-du-marche-canadien\/","og_site_name":"Autosphere","article_publisher":"https:\/\/www.facebook.com\/autosphere.ca","article_published_time":"2026-09-04T14:25:23+00:00","og_image":[{"width":758,"height":585,"url":"https:\/\/autosphere.ca\/wp-content\/uploads\/2026\/09\/AAA-13-3.jpg","type":"image\/jpeg"}],"author":"Autosphere","twitter_card":"summary_large_image","twitter_creator":"@autosphere_ca","twitter_site":"@autosphere_ca","twitter_misc":{"\u00c9crit par":"Autosphere","Dur\u00e9e de lecture estim\u00e9e":"1 minute"},"schema":{"@context":"https:\/\/schema.org","@graph":[{"@type":"Article","@id":"https:\/\/autosphere.ca\/fr\/pneus\/2026\/09\/04\/un-veteran-de-continental-prend-les-commandes-du-marche-canadien\/#article","isPartOf":{"@id":"https:\/\/autosphere.ca\/fr\/pneus\/2026\/09\/04\/un-veteran-de-continental-prend-les-commandes-du-marche-canadien\/"},"author":{"name":"Autosphere","@id":"https:\/\/autosphere.ca\/fr\/#\/schema\/person\/ff9c09c47127ce21917a66cfc3eec193"},"headline":"Un v\u00e9t\u00e9ran de Continental prend les commandes du march\u00e9 canadien","datePublished":"2026-09-04T14:25:23+00:00","mainEntityOfPage":{"@id":"https:\/\/autosphere.ca\/fr\/pneus\/2026\/09\/04\/un-veteran-de-continental-prend-les-commandes-du-marche-canadien\/"},"wordCount":199,"publisher":{"@id":"https:\/\/autosphere.ca\/fr\/#organization"},"image":{"@id":"https:\/\/autosphere.ca\/fr\/pneus\/2026\/09\/04\/un-veteran-de-continental-prend-les-commandes-du-marche-canadien\/#primaryimage"},"thumbnailUrl":"https:\/\/autosphere.ca\/wp-content\/uploads\/2026\/09\/AAA-13-3.jpg","keywords":["Continental Tire"],"articleSection":["Communiqu\u00e9 de presse","Pneus"],"inLanguage":"fr-FR","copyrightYear":"2026","copyrightHolder":{"@id":"https:\/\/autosphere.ca\/#organization"}},{"@type":"WebPage","@id":"https:\/\/autosphere.ca\/fr\/pneus\/2026\/09\/04\/un-veteran-de-continental-prend-les-commandes-du-marche-canadien\/","url":"https:\/\/autosphere.ca\/fr\/pneus\/2026\/09\/04\/un-veteran-de-continental-prend-les-commandes-du-marche-canadien\/","name":"Un v\u00e9t\u00e9ran de Continental prend les commandes du march\u00e9 canadien - Autosphere","isPartOf":{"@id":"https:\/\/autosphere.ca\/fr\/#website"},"primaryImageOfPage":{"@id":"https:\/\/autosphere.ca\/fr\/pneus\/2026\/09\/04\/un-veteran-de-continental-prend-les-commandes-du-marche-canadien\/#primaryimage"},"image":{"@id":"https:\/\/autosphere.ca\/fr\/pneus\/2026\/09\/04\/un-veteran-de-continental-prend-les-commandes-du-marche-canadien\/#primaryimage"},"thumbnailUrl":"https:\/\/autosphere.ca\/wp-content\/uploads\/2026\/09\/AAA-13-3.jpg","datePublished":"2026-09-04T14:25:23+00:00","description":"Cumulant plus de 20 ans d'exp\u00e9rience au sein du groupe, Frank Buntinx prend la direction des op\u00e9rations canadiennes de Continental Tire.","breadcrumb":{"@id":"https:\/\/autosphere.ca\/fr\/pneus\/2026\/09\/04\/un-veteran-de-continental-prend-les-commandes-du-marche-canadien\/#breadcrumb"},"inLanguage":"fr-FR","potentialAction":[{"@type":"ReadAction","target":["https:\/\/autosphere.ca\/fr\/pneus\/2026\/09\/04\/un-veteran-de-continental-prend-les-commandes-du-marche-canadien\/"]}]},{"@type":"ImageObject","inLanguage":"fr-FR","@id":"https:\/\/autosphere.ca\/fr\/pneus\/2026\/09\/04\/un-veteran-de-continental-prend-les-commandes-du-marche-canadien\/#primaryimage","url":"https:\/\/autosphere.ca\/wp-content\/uploads\/2026\/09\/AAA-13-3.jpg","contentUrl":"https:\/\/autosphere.ca\/wp-content\/uploads\/2026\/09\/AAA-13-3.jpg","width":758,"height":585},{"@type":"BreadcrumbList","@id":"https:\/\/autosphere.ca\/fr\/pneus\/2026\/09\/04\/un-veteran-de-continental-prend-les-commandes-du-marche-canadien\/#breadcrumb","itemListElement":[{"@type":"ListItem","position":1,"name":"Autosphere","item":"https:\/\/autosphere.ca\/fr\/"},{"@type":"ListItem","position":2,"name":"Pneus","item":"https:\/\/autosphere.ca\/fr\/category\/pneus\/"},{"@type":"ListItem","position":3,"name":"Un v\u00e9t\u00e9ran de Continental prend les commandes du march\u00e9 canadien"}]},{"@type":"WebSite","@id":"https:\/\/autosphere.ca\/fr\/#website","url":"https:\/\/autosphere.ca\/fr\/","name":"Autosphere","description":"Articles et nouvelles de l&#039;industrie automobile","publisher":{"@id":"https:\/\/autosphere.ca\/fr\/#organization"},"potentialAction":[{"@type":"SearchAction","target":{"@type":"EntryPoint","urlTemplate":"https:\/\/autosphere.ca\/fr\/?s={search_term_string}"},"query-input":{"@type":"PropertyValueSpecification","valueRequired":true,"valueName":"search_term_string"}}],"inLanguage":"fr-FR"},{"@type":"Organization","@id":"https:\/\/autosphere.ca\/fr\/#organization","name":"Autosphere","url":"https:\/\/autosphere.ca\/fr\/","logo":{"@type":"ImageObject","inLanguage":"fr-FR","@id":"https:\/\/autosphere.ca\/fr\/#\/schema\/logo\/image\/","url":"https:\/\/autosphere.ca\/wp-content\/uploads\/2021\/06\/AutosphereLogo-SM.png","contentUrl":"https:\/\/autosphere.ca\/wp-content\/uploads\/2021\/06\/AutosphereLogo-SM.png","width":586,"height":586,"caption":"Autosphere"},"image":{"@id":"https:\/\/autosphere.ca\/fr\/#\/schema\/logo\/image\/"},"sameAs":["https:\/\/www.facebook.com\/autosphere.ca","https:\/\/x.com\/autosphere_ca","https:\/\/www.linkedin.com\/company\/autosphere-en"]},{"@type":"Person","@id":"https:\/\/autosphere.ca\/fr\/#\/schema\/person\/ff9c09c47127ce21917a66cfc3eec193","name":"Autosphere","image":{"@type":"ImageObject","inLanguage":"fr-FR","@id":"https:\/\/secure.gravatar.com\/avatar\/7902cacedf6834a87d945093aa200ff224945e9d18489bcd83ab0447f70000be?s=96&d=mm&r=g","url":"https:\/\/secure.gravatar.com\/avatar\/7902cacedf6834a87d945093aa200ff224945e9d18489bcd83ab0447f70000be?s=96&d=mm&r=g","contentUrl":"https:\/\/secure.gravatar.com\/avatar\/7902cacedf6834a87d945093aa200ff224945e9d18489bcd83ab0447f70000be?s=96&d=mm&r=g","caption":"Autosphere"},"url":"https:\/\/autosphere.ca\/fr\/author\/janick-murray-hall\/"}]}},"_links":{"self":[{"href":"https:\/\/autosphere.ca\/fr\/wp-json\/wp\/v2\/posts\/463357","targetHints":{"allow":["GET"]}}],"collection":[{"href":"https:\/\/autosphere.ca\/fr\/wp-json\/wp\/v2\/posts"}],"about":[{"href":"https:\/\/autosphere.ca\/fr\/wp-json\/wp\/v2\/types\/post"}],"author":[{"embeddable":true,"href":"https:\/\/autosphere.ca\/fr\/wp-json\/wp\/v2\/users\/526"}],"replies":[{"embeddable":true,"href":"https:\/\/autosphere.ca\/fr\/wp-json\/wp\/v2\/comments?post=463357"}],"version-history":[{"count":1,"href":"https:\/\/autosphere.ca\/fr\/wp-json\/wp\/v2\/posts\/463357\/revisions"}],"predecessor-version":[{"id":463360,"href":"https:\/\/autosphere.ca\/fr\/wp-json\/wp\/v2\/posts\/463357\/revisions\/463360"}],"wp:featuredmedia":[{"embeddable":true,"href":"https:\/\/autosphere.ca\/fr\/wp-json\/wp\/v2\/media\/463358"}],"wp:attachment":[{"href":"https:\/\/autosphere.ca\/fr\/wp-json\/wp\/v2\/media?parent=463357"}],"wp:term":[{"taxonomy":"category","embeddable":true,"href":"https:\/\/autosphere.ca\/fr\/wp-json\/wp\/v2\/categories?post=463357"},{"taxonomy":"post_tag","embeddable":true,"href":"https:\/\/autosphere.ca\/fr\/wp-json\/wp\/v2\/tags?post=463357"}],"curies":[{"name":"wp","href":"https:\/\/api.w.org\/{rel}","templated":true}]}}