{"id":463207,"date":"2026-09-03T10:09:32","date_gmt":"2026-09-03T14:09:32","guid":{"rendered":"https:\/\/autosphere.ca\/?p=463207"},"modified":"2026-09-03T11:00:32","modified_gmt":"2026-09-03T15:00:32","slug":"ou-est-passee-la-voiture-economique","status":"publish","type":"post","link":"https:\/\/autosphere.ca\/fr\/concessionnaires\/2026\/09\/03\/ou-est-passee-la-voiture-economique\/","title":{"rendered":"O\u00f9 est pass\u00e9e la voiture \u00e9conomique ?"},"content":{"rendered":"<p><strong>Entre la disparition des sous-compactes et l\u2019arriv\u00e9e des v\u00e9hicules \u00e9lectriques chinois, o\u00f9 se situe l\u2019\u00e9quilibre\u2009?<\/strong><\/p>\n<p><span style=\"font-style: normal; font-variant: normal; text-decoration: none;\">Entre 2018 et 2026, le prix moyen d\u2019un v\u00e9hicule neuf est pass\u00e9 d\u2019environ 36\u2009100 $ \u00e0 62\u2009830 $ au Canada, selon l\u2019indice des prix AutoHebdo. De moins en moins de consommateurs ont les moyens de se procurer une voiture neuve. Et si les constructeurs r\u00e9ussissent tout de m\u00eame \u00e0 maintenir des volumes de ventes relativement stables, c\u2019est en bonne partie gr\u00e2ce \u00e0 des offres cibl\u00e9es, \u00e0 des math\u00e9matiques de financement novatrices, sans compter les incitatifs qui viennent gruger leurs marges de profit.<\/span><\/p>\n<p><span style=\"font-style: normal; font-variant: normal; text-decoration: none;\">Si les prix continuent de grimper, et surtout si on ne r\u00e9ussit pas \u00e0 offrir des mod\u00e8les plus abordables aux consommateurs, l\u2019industrie va frapper un mur. Il y a dix ans, on trouvait encore des sous-compactes sous la barre des 20\u2009000 $. Nissan offrait m\u00eame sa Micra \u00e0 moins de 10\u2009000 $. Aujourd\u2019hui, les sous-compactes ont disparu, et il n\u2019est m\u00eame plus possible de se procurer un Hyundai Kona sous la barre des 30\u2009000 $. En fait, il reste moins de dix mod\u00e8les sous ce seuil pourtant raisonnable.<\/span><\/p>\n<p><span style=\"font-weight: bold; font-style: normal; font-variant: normal; text-decoration: none;\">Le vrai trou : la voiture \u00e9conomique a disparu<\/span><\/p>\n<p><span style=\"font-style: normal; font-variant: normal; text-decoration: none;\">Depuis 2019, le march\u00e9 nord-am\u00e9ricain a perdu, les unes apr\u00e8s les autres, presque toutes ses voitures d\u2019entr\u00e9e de gamme. La Ford Fiesta, la Chevrolet Sonic, la Chevrolet Spark, la Nissan Micra, la Hyundai Accent, la Kia Rio, la vraie Toyota Yaris : toutes ray\u00e9es de la carte, sans rempla\u00e7antes directes.<\/span><\/p>\n<p><span style=\"font-style: normal; font-variant: normal; text-decoration: none;\">Les constructeurs ont justifi\u00e9 ces retraits par les marges trop minces sur ces mod\u00e8les, mais il y a une autre v\u00e9rit\u00e9 derri\u00e8re ces d\u00e9cisions : le virage \u00e9lectrique co\u00fbte cher, tr\u00e8s cher, et vendre des voitures peu rentables ne suffit plus \u00e0 financer la transition. Il faut d\u00e9sormais vendre des mod\u00e8les qui g\u00e9n\u00e8rent davantage de revenus.<\/span><\/p>\n<p><span style=\"font-style: normal; font-variant: normal; text-decoration: none;\">L\u2019exemple de la Hyundai Accent est \u00e9loquent. Au moment de son retrait, le mod\u00e8le se vendait autour de 18\u2009000 $. Il a \u00e9t\u00e9 remplac\u00e9 par le VUS Venue, qui n\u2019est essentiellement qu\u2019une grosse Accent, vendue plus cher et nettement plus payante pour le constructeur.<\/span><\/p>\n<p><span style=\"font-style: normal; font-variant: normal; text-decoration: none;\">La cons\u00e9quence directe de cette strat\u00e9gie, c\u2019est que le consommateur paie d\u00e9sormais ses v\u00e9hicules beaucoup plus cher. Le paiement mensuel moyen pour un v\u00e9hicule neuf tourne aujourd\u2019hui autour de 915 $. M\u00eame le march\u00e9 de l\u2019occasion, refuge traditionnel des gens fonctionnant avec des budgets plus serr\u00e9s, n\u2019offre plus vraiment de r\u00e9pit : le prix de vente moyen d\u2019un v\u00e9hicule usag\u00e9 au pays s\u2019\u00e9tablissait \u00e0 environ 36\u2009700 $ au premier trimestre de 2026. Une voiture d\u2019occasion co\u00fbte aujourd\u2019hui \u00e0 peu pr\u00e8s ce que co\u00fbtait une voiture neuve en 2018.<\/span><\/p>\n<p><span style=\"font-weight: bold; font-style: normal; font-variant: normal; text-decoration: none;\">Les v\u00e9hicules \u00e9lectriques chinois<\/span><\/p>\n<p><span style=\"font-style: normal; font-variant: normal; text-decoration: none;\">Dans le cadre de l\u2019entente conclue entre le Canada et la Chine, un certain nombre de mod\u00e8les \u00e9lectriques chinois seront offerts au pays \u00e0 un prix avoisinant les 35\u2009000 $. C\u2019est un prix porteur d\u2019espoir, d\u2019autant plus qu\u2019il faut y ajouter les \u00e9conomies en carburant, massives une fois qu\u2019on bascule vers l\u2019\u00e9lectrique.<\/span><\/p>\n<p><span style=\"font-style: normal; font-variant: normal; text-decoration: none;\">Il faut toutefois remettre cette entente en contexte. Les droits de douane sur les v\u00e9hicules \u00e9lectriques chinois \u00e9taient fix\u00e9s \u00e0 106,1 % depuis qu\u2019Ottawa avait embo\u00eet\u00e9 le pas \u00e0 l\u2019administration Biden, qui avait impos\u00e9 ces tarifs en ao\u00fbt 2024 pour prot\u00e9ger l\u2019industrie automobile nord-am\u00e9ricaine. L\u2019accord conclu avec P\u00e9kin permettra plut\u00f4t l\u2019importation de 49\u2009000 v\u00e9hicules \u00e9lectriques chinois par ann\u00e9e au tarif standard de 6,1 %, en \u00e9change d\u2019un all\u00e8gement des tarifs chinois sur le canola canadien.<\/span><\/p>\n<p><span style=\"font-style: normal; font-variant: normal; text-decoration: none;\">C\u2019est un pas dans la bonne direction, mais faisons le calcul : 49\u2009000 unit\u00e9s, c\u2019est \u00e0 peine plus que le nombre de v\u00e9hicules \u00e9lectriques vendus au Qu\u00e9bec seul en une seule ann\u00e9e. \u00c0 l\u2019\u00e9chelle du march\u00e9 automobile canadien au grand complet, qui \u00e9coule pr\u00e8s de deux millions de v\u00e9hicules par an, \u00e7a ne change strictement rien pour l\u2019immense majorit\u00e9 des acheteurs.<\/span><\/p>\n<p><span style=\"font-weight: bold; font-style: normal; font-variant: normal; text-decoration: none;\">Ce que les gens veulent<\/span><\/p>\n<p><span style=\"font-style: normal; font-variant: normal; text-decoration: none;\">Plusieurs consommateurs r\u00e9clament le retour de mod\u00e8les plus abordables, y compris de v\u00e9ritables sous-compactes. C\u2019est un besoin r\u00e9el. Martin Gilbert, aujourd\u2019hui pr\u00e9sident de Toyota Canada, nous confiait l\u2019ann\u00e9e derni\u00e8re, alors qu\u2019il dirigeait Lexus Canada, que les constructeurs allaient devoir un jour ramener des voitures plus petites et plus abordables pour permettre aux consommateurs d\u2019avoir acc\u00e8s \u00e0 un v\u00e9hicule neuf.<\/span><\/p>\n<p><span style=\"font-style: normal; font-variant: normal; text-decoration: none;\">Et la logique derri\u00e8re cette approche est bien connue de l\u2019industrie : une fois que le consommateur met le pied dans la porte en achetant une sous-compacte \u00e0 20\u2009000 $, il revient cinq ans plus tard pour un mod\u00e8le plus cher. Il ne faut donc pas penser au seul profit du premier v\u00e9hicule, mais \u00e0 toute la relation qui s\u2019installe avec le client. La r\u00e9alit\u00e9 actuelle, c\u2019est que plusieurs de ces consommateurs sont plut\u00f4t pouss\u00e9s vers le march\u00e9 de l\u2019occasion, faute de mieux dans le neuf.<\/span><\/p>\n<p><span style=\"font-style: normal; font-variant: normal; text-decoration: none;\">Le probl\u00e8me, c\u2019est qu\u2019il est de plus en plus difficile de suivre la volont\u00e9 ces m\u00eames consommateurs. Les camionnettes et les VUS repr\u00e9sentent d\u00e9sormais pr\u00e8s de 88 % des ventes de v\u00e9hicules au Canada. Le Ford F-150, le Chevrolet Silverado, le Toyota RAV4 et le Honda CR-V : voil\u00e0 ce qui se vend, et ce qui est financ\u00e9 sur des termes de plus en plus longs.<\/span><\/p>\n<p><span style=\"font-style: normal; font-variant: normal; text-decoration: none;\">Les VUS au style robuste et aux capacit\u00e9s hors route accrues ont la cote, et sans surprise, ils se vendent plus cher. Or, la r\u00e9alit\u00e9, c\u2019est que la majorit\u00e9 des gens ne passent pas leur temps hors des sentiers battus. Ils roulent en ville, pour conduire les enfants \u00e0 l\u2019\u00e9cole ou se rendre au stationnement incitatif.<\/span><\/p>\n<p><span style=\"font-style: normal; font-variant: normal; text-decoration: none;\">On leur vend des capacit\u00e9s\u2026 et ils ach\u00e8tent. Pourtant, leurs besoins r\u00e9els sont ailleurs.<\/span><\/p>\n<p><span style=\"font-weight: bold; font-style: normal; font-variant: normal; text-decoration: none;\">La solution<\/span><\/p>\n<p><span style=\"font-style: normal; font-variant: normal; text-decoration: none;\">L\u2019accessibilit\u00e9 automobile ne se r\u00e9soudra pas avec quelques milliers de v\u00e9hicules \u00e9lectriques chinois par ann\u00e9e. Elle passera par un retour en force de la voiture compacte \u00e9conomique, \u00e9lectrique ou non, pens\u00e9e pour l\u2019usage urbain r\u00e9el : un aller-retour quotidien, une commission au centre commercial, un trajet de dix ou quinze kilom\u00e8tres.<\/span><\/p>\n<p><span style=\"font-style: normal; font-variant: normal; text-decoration: none;\">Ce segment a \u00e9t\u00e9 abandonn\u00e9 parce qu\u2019il g\u00e9n\u00e9rait de faibles marges, et non parce que le besoin avait disparu, m\u00eame si on a voulu le faire croire aux consommateurs. Au contraire, avec la hausse des prix et des taux d\u2019int\u00e9r\u00eat, ce besoin n\u2019a jamais \u00e9t\u00e9 aussi criant.<\/span><\/p>\n<p><span style=\"font-style: normal; font-variant: normal; text-decoration: none;\">Reste \u00e0 voir quel constructeur aura le courage de le reconna\u00eetre le premier et ram\u00e8nera un v\u00e9ritable v\u00e9hicule abordable, sous la barre des 20\u2009000 $. Les paris sont ouverts.<\/span><\/p>\n<div class=\"w-gallery fit_cover wp_gallery type_grid action_popup_image ratio_1x1 count_6\" style=\"--columns:3;--items-gap:8px;\"><div class=\"w-gallery-list\"><div class=\"w-gallery-item\"><div class=\"w-gallery-item-img\"><img loading=\"lazy\" decoding=\"async\" width=\"150\" height=\"150\" src=\"https:\/\/autosphere.ca\/wp-content\/uploads\/2026\/09\/AAA-3-3-150x150.jpg\" class=\"attachment-thumbnail size-thumbnail\" alt=\"\" srcset=\"https:\/\/autosphere.ca\/wp-content\/uploads\/2026\/09\/AAA-3-3-150x150.jpg 150w, https:\/\/autosphere.ca\/wp-content\/uploads\/2026\/09\/AAA-3-3-160x160.jpg 160w, https:\/\/autosphere.ca\/wp-content\/uploads\/2026\/09\/AAA-3-3-300x300.jpg 300w\" sizes=\"auto, (max-width: 150px) 100vw, 150px\" \/><\/div><a class=\"w-gallery-item-link\" aria-label=\"AAA (3)\" href=\"https:\/\/autosphere.ca\/wp-content\/uploads\/2026\/09\/AAA-3-3.jpg\" title=\"AAA (3)\"><\/a><\/div><div class=\"w-gallery-item\"><div class=\"w-gallery-item-img\"><img loading=\"lazy\" decoding=\"async\" width=\"150\" height=\"150\" src=\"https:\/\/autosphere.ca\/wp-content\/uploads\/2026\/09\/AAA-2-3-150x150.jpg\" class=\"attachment-thumbnail size-thumbnail\" alt=\"\" srcset=\"https:\/\/autosphere.ca\/wp-content\/uploads\/2026\/09\/AAA-2-3-150x150.jpg 150w, https:\/\/autosphere.ca\/wp-content\/uploads\/2026\/09\/AAA-2-3-160x160.jpg 160w, https:\/\/autosphere.ca\/wp-content\/uploads\/2026\/09\/AAA-2-3-300x300.jpg 300w\" sizes=\"auto, (max-width: 150px) 100vw, 150px\" \/><\/div><a class=\"w-gallery-item-link\" aria-label=\"AAA (2)\" href=\"https:\/\/autosphere.ca\/wp-content\/uploads\/2026\/09\/AAA-2-3.jpg\" title=\"AAA (2)\"><\/a><\/div><div class=\"w-gallery-item\"><div class=\"w-gallery-item-img\"><img loading=\"lazy\" decoding=\"async\" width=\"150\" height=\"150\" src=\"https:\/\/autosphere.ca\/wp-content\/uploads\/2026\/09\/AAA-1-3-150x150.jpg\" class=\"attachment-thumbnail size-thumbnail\" alt=\"\" srcset=\"https:\/\/autosphere.ca\/wp-content\/uploads\/2026\/09\/AAA-1-3-150x150.jpg 150w, https:\/\/autosphere.ca\/wp-content\/uploads\/2026\/09\/AAA-1-3-160x160.jpg 160w, https:\/\/autosphere.ca\/wp-content\/uploads\/2026\/09\/AAA-1-3-300x300.jpg 300w\" sizes=\"auto, (max-width: 150px) 100vw, 150px\" \/><\/div><a class=\"w-gallery-item-link\" aria-label=\"AAA (1)\" href=\"https:\/\/autosphere.ca\/wp-content\/uploads\/2026\/09\/AAA-1-3.jpg\" title=\"AAA (1)\"><\/a><\/div><div class=\"w-gallery-item\"><div class=\"w-gallery-item-img\"><img loading=\"lazy\" decoding=\"async\" width=\"150\" height=\"150\" src=\"https:\/\/autosphere.ca\/wp-content\/uploads\/2026\/09\/AAA-7-2-150x150.jpg\" class=\"attachment-thumbnail size-thumbnail\" alt=\"\" srcset=\"https:\/\/autosphere.ca\/wp-content\/uploads\/2026\/09\/AAA-7-2-150x150.jpg 150w, https:\/\/autosphere.ca\/wp-content\/uploads\/2026\/09\/AAA-7-2-160x160.jpg 160w, https:\/\/autosphere.ca\/wp-content\/uploads\/2026\/09\/AAA-7-2-300x300.jpg 300w\" sizes=\"auto, (max-width: 150px) 100vw, 150px\" \/><\/div><a class=\"w-gallery-item-link\" aria-label=\"AAA (7)\" href=\"https:\/\/autosphere.ca\/wp-content\/uploads\/2026\/09\/AAA-7-2.jpg\" title=\"AAA (7)\"><\/a><\/div><div class=\"w-gallery-item\"><div class=\"w-gallery-item-img\"><img loading=\"lazy\" decoding=\"async\" width=\"150\" height=\"150\" src=\"https:\/\/autosphere.ca\/wp-content\/uploads\/2026\/09\/AAA-6-2-150x150.jpg\" class=\"attachment-thumbnail size-thumbnail\" alt=\"\" srcset=\"https:\/\/autosphere.ca\/wp-content\/uploads\/2026\/09\/AAA-6-2-150x150.jpg 150w, https:\/\/autosphere.ca\/wp-content\/uploads\/2026\/09\/AAA-6-2-160x160.jpg 160w, https:\/\/autosphere.ca\/wp-content\/uploads\/2026\/09\/AAA-6-2-300x300.jpg 300w\" sizes=\"auto, (max-width: 150px) 100vw, 150px\" \/><\/div><a class=\"w-gallery-item-link\" aria-label=\"AAA (6)\" href=\"https:\/\/autosphere.ca\/wp-content\/uploads\/2026\/09\/AAA-6-2.jpg\" title=\"AAA (6)\"><\/a><\/div><div class=\"w-gallery-item\"><div class=\"w-gallery-item-img\"><img loading=\"lazy\" decoding=\"async\" width=\"150\" height=\"150\" src=\"https:\/\/autosphere.ca\/wp-content\/uploads\/2026\/09\/AAA-4-3-150x150.jpg\" class=\"attachment-thumbnail size-thumbnail\" alt=\"\" srcset=\"https:\/\/autosphere.ca\/wp-content\/uploads\/2026\/09\/AAA-4-3-150x150.jpg 150w, https:\/\/autosphere.ca\/wp-content\/uploads\/2026\/09\/AAA-4-3-160x160.jpg 160w, https:\/\/autosphere.ca\/wp-content\/uploads\/2026\/09\/AAA-4-3-300x300.jpg 300w\" sizes=\"auto, (max-width: 150px) 100vw, 150px\" \/><\/div><a class=\"w-gallery-item-link\" aria-label=\"AAA (4)\" href=\"https:\/\/autosphere.ca\/wp-content\/uploads\/2026\/09\/AAA-4-3.jpg\" title=\"AAA (4)\"><\/a><\/div><\/div><\/div>\n","protected":false},"excerpt":{"rendered":"<p>Entre la disparition des sous-compactes et l\u2019arriv\u00e9e des v\u00e9hicules \u00e9lectriques chinois, o\u00f9 se situe l\u2019\u00e9quilibre\u2009? Entre 2018 et 2026, le prix moyen d\u2019un v\u00e9hicule neuf est pass\u00e9 d\u2019environ 36\u2009100 $ \u00e0 62\u2009830 $ au Canada, selon l\u2019indice des prix AutoHebdo. De moins en moins de consommateurs ont les moyens de se procurer une voiture neuve&#8230;.<\/p>\n","protected":false},"author":97,"featured_media":463210,"comment_status":"closed","ping_status":"open","sticky":false,"template":"","format":"standard","meta":{"_acf_changed":false,"footnotes":""},"categories":[646,818],"tags":[10485],"class_list":["post-463207","post","type-post","status-publish","format-standard","has-post-thumbnail","hentry","category-concessionnaires","category-concessionnaires-editorial","tag-abordabilite"],"acf":[],"yoast_head":"<!-- This site is optimized with the Yoast SEO Premium plugin v27.7 (Yoast SEO v27.7) - https:\/\/yoast.com\/product\/yoast-seo-premium-wordpress\/ -->\n<title>O\u00f9 est pass\u00e9e la voiture \u00e9conomique ? - Autosphere<\/title>\n<meta name=\"description\" content=\"Entre la disparition des sous-compactes et l\u2019arriv\u00e9e des v\u00e9hicules \u00e9lectriques chinois, o\u00f9 se situe l\u2019\u00e9quilibre\u2009?\" \/>\n<meta name=\"robots\" content=\"index, follow, max-snippet:-1, max-image-preview:large, max-video-preview:-1\" \/>\n<link rel=\"canonical\" href=\"https:\/\/autosphere.ca\/fr\/concessionnaires\/2026\/09\/03\/ou-est-passee-la-voiture-economique\/\" \/>\n<meta property=\"og:locale\" content=\"fr_FR\" \/>\n<meta property=\"og:type\" content=\"article\" \/>\n<meta property=\"og:title\" content=\"O\u00f9 est pass\u00e9e la voiture \u00e9conomique ?\" \/>\n<meta property=\"og:description\" content=\"Entre la disparition des sous-compactes et l\u2019arriv\u00e9e des v\u00e9hicules \u00e9lectriques chinois, o\u00f9 se situe l\u2019\u00e9quilibre\u2009?\" \/>\n<meta property=\"og:url\" content=\"https:\/\/autosphere.ca\/fr\/concessionnaires\/2026\/09\/03\/ou-est-passee-la-voiture-economique\/\" \/>\n<meta property=\"og:site_name\" content=\"Autosphere\" \/>\n<meta property=\"article:publisher\" content=\"https:\/\/www.facebook.com\/autosphere.ca\" \/>\n<meta property=\"article:published_time\" content=\"2026-09-03T14:09:32+00:00\" \/>\n<meta property=\"article:modified_time\" content=\"2026-09-03T15:00:32+00:00\" \/>\n<meta property=\"og:image\" content=\"https:\/\/autosphere.ca\/wp-content\/uploads\/2026\/09\/AAA-5-3.jpg\" \/>\n\t<meta property=\"og:image:width\" content=\"758\" \/>\n\t<meta property=\"og:image:height\" content=\"585\" \/>\n\t<meta property=\"og:image:type\" content=\"image\/jpeg\" \/>\n<meta name=\"author\" content=\"Daniel Rufiange\" \/>\n<meta name=\"twitter:card\" content=\"summary_large_image\" \/>\n<meta name=\"twitter:creator\" content=\"@autosphere_ca\" \/>\n<meta name=\"twitter:site\" content=\"@autosphere_ca\" \/>\n<meta name=\"twitter:label1\" content=\"\u00c9crit par\" \/>\n\t<meta name=\"twitter:data1\" content=\"Daniel Rufiange\" \/>\n\t<meta name=\"twitter:label2\" content=\"Dur\u00e9e de lecture estim\u00e9e\" \/>\n\t<meta name=\"twitter:data2\" content=\"5 minutes\" \/>\n<script type=\"application\/ld+json\" class=\"yoast-schema-graph\">{\"@context\":\"https:\\\/\\\/schema.org\",\"@graph\":[{\"@type\":\"Article\",\"@id\":\"https:\\\/\\\/autosphere.ca\\\/fr\\\/concessionnaires\\\/2026\\\/09\\\/03\\\/ou-est-passee-la-voiture-economique\\\/#article\",\"isPartOf\":{\"@id\":\"https:\\\/\\\/autosphere.ca\\\/fr\\\/concessionnaires\\\/2026\\\/09\\\/03\\\/ou-est-passee-la-voiture-economique\\\/\"},\"author\":{\"name\":\"Daniel Rufiange\",\"@id\":\"https:\\\/\\\/autosphere.ca\\\/fr\\\/#\\\/schema\\\/person\\\/6a537be4f85164582c6fc1e54b503e8b\"},\"headline\":\"O\u00f9 est pass\u00e9e la voiture \u00e9conomique ?\",\"datePublished\":\"2026-09-03T14:09:32+00:00\",\"dateModified\":\"2026-09-03T15:00:32+00:00\",\"mainEntityOfPage\":{\"@id\":\"https:\\\/\\\/autosphere.ca\\\/fr\\\/concessionnaires\\\/2026\\\/09\\\/03\\\/ou-est-passee-la-voiture-economique\\\/\"},\"wordCount\":1144,\"publisher\":{\"@id\":\"https:\\\/\\\/autosphere.ca\\\/fr\\\/#organization\"},\"image\":{\"@id\":\"https:\\\/\\\/autosphere.ca\\\/fr\\\/concessionnaires\\\/2026\\\/09\\\/03\\\/ou-est-passee-la-voiture-economique\\\/#primaryimage\"},\"thumbnailUrl\":\"https:\\\/\\\/autosphere.ca\\\/wp-content\\\/uploads\\\/2026\\\/09\\\/AAA-5-3.jpg\",\"keywords\":[\"abordabilit\u00e9\"],\"articleSection\":[\"Concessionnaires\",\"\u00c9ditorial\"],\"inLanguage\":\"fr-FR\",\"copyrightYear\":\"2026\",\"copyrightHolder\":{\"@id\":\"https:\\\/\\\/autosphere.ca\\\/#organization\"}},{\"@type\":\"WebPage\",\"@id\":\"https:\\\/\\\/autosphere.ca\\\/fr\\\/concessionnaires\\\/2026\\\/09\\\/03\\\/ou-est-passee-la-voiture-economique\\\/\",\"url\":\"https:\\\/\\\/autosphere.ca\\\/fr\\\/concessionnaires\\\/2026\\\/09\\\/03\\\/ou-est-passee-la-voiture-economique\\\/\",\"name\":\"O\u00f9 est pass\u00e9e la voiture \u00e9conomique ? - Autosphere\",\"isPartOf\":{\"@id\":\"https:\\\/\\\/autosphere.ca\\\/fr\\\/#website\"},\"primaryImageOfPage\":{\"@id\":\"https:\\\/\\\/autosphere.ca\\\/fr\\\/concessionnaires\\\/2026\\\/09\\\/03\\\/ou-est-passee-la-voiture-economique\\\/#primaryimage\"},\"image\":{\"@id\":\"https:\\\/\\\/autosphere.ca\\\/fr\\\/concessionnaires\\\/2026\\\/09\\\/03\\\/ou-est-passee-la-voiture-economique\\\/#primaryimage\"},\"thumbnailUrl\":\"https:\\\/\\\/autosphere.ca\\\/wp-content\\\/uploads\\\/2026\\\/09\\\/AAA-5-3.jpg\",\"datePublished\":\"2026-09-03T14:09:32+00:00\",\"dateModified\":\"2026-09-03T15:00:32+00:00\",\"description\":\"Entre la disparition des sous-compactes et l\u2019arriv\u00e9e des v\u00e9hicules \u00e9lectriques chinois, o\u00f9 se situe l\u2019\u00e9quilibre\u2009?\",\"breadcrumb\":{\"@id\":\"https:\\\/\\\/autosphere.ca\\\/fr\\\/concessionnaires\\\/2026\\\/09\\\/03\\\/ou-est-passee-la-voiture-economique\\\/#breadcrumb\"},\"inLanguage\":\"fr-FR\",\"potentialAction\":[{\"@type\":\"ReadAction\",\"target\":[\"https:\\\/\\\/autosphere.ca\\\/fr\\\/concessionnaires\\\/2026\\\/09\\\/03\\\/ou-est-passee-la-voiture-economique\\\/\"]}]},{\"@type\":\"ImageObject\",\"inLanguage\":\"fr-FR\",\"@id\":\"https:\\\/\\\/autosphere.ca\\\/fr\\\/concessionnaires\\\/2026\\\/09\\\/03\\\/ou-est-passee-la-voiture-economique\\\/#primaryimage\",\"url\":\"https:\\\/\\\/autosphere.ca\\\/wp-content\\\/uploads\\\/2026\\\/09\\\/AAA-5-3.jpg\",\"contentUrl\":\"https:\\\/\\\/autosphere.ca\\\/wp-content\\\/uploads\\\/2026\\\/09\\\/AAA-5-3.jpg\",\"width\":758,\"height\":585},{\"@type\":\"BreadcrumbList\",\"@id\":\"https:\\\/\\\/autosphere.ca\\\/fr\\\/concessionnaires\\\/2026\\\/09\\\/03\\\/ou-est-passee-la-voiture-economique\\\/#breadcrumb\",\"itemListElement\":[{\"@type\":\"ListItem\",\"position\":1,\"name\":\"Autosphere\",\"item\":\"https:\\\/\\\/autosphere.ca\\\/fr\\\/\"},{\"@type\":\"ListItem\",\"position\":2,\"name\":\"Concessionnaires\",\"item\":\"https:\\\/\\\/autosphere.ca\\\/fr\\\/category\\\/concessionnaires\\\/\"},{\"@type\":\"ListItem\",\"position\":3,\"name\":\"O\u00f9 est pass\u00e9e la voiture \u00e9conomique ?\"}]},{\"@type\":\"WebSite\",\"@id\":\"https:\\\/\\\/autosphere.ca\\\/fr\\\/#website\",\"url\":\"https:\\\/\\\/autosphere.ca\\\/fr\\\/\",\"name\":\"Autosphere\",\"description\":\"Articles et nouvelles de l&#039;industrie automobile\",\"publisher\":{\"@id\":\"https:\\\/\\\/autosphere.ca\\\/fr\\\/#organization\"},\"potentialAction\":[{\"@type\":\"SearchAction\",\"target\":{\"@type\":\"EntryPoint\",\"urlTemplate\":\"https:\\\/\\\/autosphere.ca\\\/fr\\\/?s={search_term_string}\"},\"query-input\":{\"@type\":\"PropertyValueSpecification\",\"valueRequired\":true,\"valueName\":\"search_term_string\"}}],\"inLanguage\":\"fr-FR\"},{\"@type\":\"Organization\",\"@id\":\"https:\\\/\\\/autosphere.ca\\\/fr\\\/#organization\",\"name\":\"Autosphere\",\"url\":\"https:\\\/\\\/autosphere.ca\\\/fr\\\/\",\"logo\":{\"@type\":\"ImageObject\",\"inLanguage\":\"fr-FR\",\"@id\":\"https:\\\/\\\/autosphere.ca\\\/fr\\\/#\\\/schema\\\/logo\\\/image\\\/\",\"url\":\"https:\\\/\\\/autosphere.ca\\\/wp-content\\\/uploads\\\/2021\\\/06\\\/AutosphereLogo-SM.png\",\"contentUrl\":\"https:\\\/\\\/autosphere.ca\\\/wp-content\\\/uploads\\\/2021\\\/06\\\/AutosphereLogo-SM.png\",\"width\":586,\"height\":586,\"caption\":\"Autosphere\"},\"image\":{\"@id\":\"https:\\\/\\\/autosphere.ca\\\/fr\\\/#\\\/schema\\\/logo\\\/image\\\/\"},\"sameAs\":[\"https:\\\/\\\/www.facebook.com\\\/autosphere.ca\",\"https:\\\/\\\/x.com\\\/autosphere_ca\",\"https:\\\/\\\/www.linkedin.com\\\/company\\\/autosphere-en\"]},{\"@type\":\"Person\",\"@id\":\"https:\\\/\\\/autosphere.ca\\\/fr\\\/#\\\/schema\\\/person\\\/6a537be4f85164582c6fc1e54b503e8b\",\"name\":\"Daniel Rufiange\",\"image\":{\"@type\":\"ImageObject\",\"inLanguage\":\"fr-FR\",\"@id\":\"https:\\\/\\\/secure.gravatar.com\\\/avatar\\\/d4d47374c6738bf7a7bc18a06924ba6998f29c380031d5a8d934ba036bd6f18a?s=96&d=mm&r=g\",\"url\":\"https:\\\/\\\/secure.gravatar.com\\\/avatar\\\/d4d47374c6738bf7a7bc18a06924ba6998f29c380031d5a8d934ba036bd6f18a?s=96&d=mm&r=g\",\"contentUrl\":\"https:\\\/\\\/secure.gravatar.com\\\/avatar\\\/d4d47374c6738bf7a7bc18a06924ba6998f29c380031d5a8d934ba036bd6f18a?s=96&d=mm&r=g\",\"caption\":\"Daniel Rufiange\"},\"url\":\"https:\\\/\\\/autosphere.ca\\\/fr\\\/author\\\/drufiange\\\/\"}]}<\/script>\n<!-- \/ Yoast SEO Premium plugin. -->","yoast_head_json":{"title":"O\u00f9 est pass\u00e9e la voiture \u00e9conomique ? - Autosphere","description":"Entre la disparition des sous-compactes et l\u2019arriv\u00e9e des v\u00e9hicules \u00e9lectriques chinois, o\u00f9 se situe l\u2019\u00e9quilibre\u2009?","robots":{"index":"index","follow":"follow","max-snippet":"max-snippet:-1","max-image-preview":"max-image-preview:large","max-video-preview":"max-video-preview:-1"},"canonical":"https:\/\/autosphere.ca\/fr\/concessionnaires\/2026\/09\/03\/ou-est-passee-la-voiture-economique\/","og_locale":"fr_FR","og_type":"article","og_title":"O\u00f9 est pass\u00e9e la voiture \u00e9conomique ?","og_description":"Entre la disparition des sous-compactes et l\u2019arriv\u00e9e des v\u00e9hicules \u00e9lectriques chinois, o\u00f9 se situe l\u2019\u00e9quilibre\u2009?","og_url":"https:\/\/autosphere.ca\/fr\/concessionnaires\/2026\/09\/03\/ou-est-passee-la-voiture-economique\/","og_site_name":"Autosphere","article_publisher":"https:\/\/www.facebook.com\/autosphere.ca","article_published_time":"2026-09-03T14:09:32+00:00","article_modified_time":"2026-09-03T15:00:32+00:00","og_image":[{"width":758,"height":585,"url":"https:\/\/autosphere.ca\/wp-content\/uploads\/2026\/09\/AAA-5-3.jpg","type":"image\/jpeg"}],"author":"Daniel Rufiange","twitter_card":"summary_large_image","twitter_creator":"@autosphere_ca","twitter_site":"@autosphere_ca","twitter_misc":{"\u00c9crit par":"Daniel Rufiange","Dur\u00e9e de lecture estim\u00e9e":"5 minutes"},"schema":{"@context":"https:\/\/schema.org","@graph":[{"@type":"Article","@id":"https:\/\/autosphere.ca\/fr\/concessionnaires\/2026\/09\/03\/ou-est-passee-la-voiture-economique\/#article","isPartOf":{"@id":"https:\/\/autosphere.ca\/fr\/concessionnaires\/2026\/09\/03\/ou-est-passee-la-voiture-economique\/"},"author":{"name":"Daniel Rufiange","@id":"https:\/\/autosphere.ca\/fr\/#\/schema\/person\/6a537be4f85164582c6fc1e54b503e8b"},"headline":"O\u00f9 est pass\u00e9e la voiture \u00e9conomique ?","datePublished":"2026-09-03T14:09:32+00:00","dateModified":"2026-09-03T15:00:32+00:00","mainEntityOfPage":{"@id":"https:\/\/autosphere.ca\/fr\/concessionnaires\/2026\/09\/03\/ou-est-passee-la-voiture-economique\/"},"wordCount":1144,"publisher":{"@id":"https:\/\/autosphere.ca\/fr\/#organization"},"image":{"@id":"https:\/\/autosphere.ca\/fr\/concessionnaires\/2026\/09\/03\/ou-est-passee-la-voiture-economique\/#primaryimage"},"thumbnailUrl":"https:\/\/autosphere.ca\/wp-content\/uploads\/2026\/09\/AAA-5-3.jpg","keywords":["abordabilit\u00e9"],"articleSection":["Concessionnaires","\u00c9ditorial"],"inLanguage":"fr-FR","copyrightYear":"2026","copyrightHolder":{"@id":"https:\/\/autosphere.ca\/#organization"}},{"@type":"WebPage","@id":"https:\/\/autosphere.ca\/fr\/concessionnaires\/2026\/09\/03\/ou-est-passee-la-voiture-economique\/","url":"https:\/\/autosphere.ca\/fr\/concessionnaires\/2026\/09\/03\/ou-est-passee-la-voiture-economique\/","name":"O\u00f9 est pass\u00e9e la voiture \u00e9conomique ? - Autosphere","isPartOf":{"@id":"https:\/\/autosphere.ca\/fr\/#website"},"primaryImageOfPage":{"@id":"https:\/\/autosphere.ca\/fr\/concessionnaires\/2026\/09\/03\/ou-est-passee-la-voiture-economique\/#primaryimage"},"image":{"@id":"https:\/\/autosphere.ca\/fr\/concessionnaires\/2026\/09\/03\/ou-est-passee-la-voiture-economique\/#primaryimage"},"thumbnailUrl":"https:\/\/autosphere.ca\/wp-content\/uploads\/2026\/09\/AAA-5-3.jpg","datePublished":"2026-09-03T14:09:32+00:00","dateModified":"2026-09-03T15:00:32+00:00","description":"Entre la disparition des sous-compactes et l\u2019arriv\u00e9e des v\u00e9hicules \u00e9lectriques chinois, o\u00f9 se situe l\u2019\u00e9quilibre\u2009?","breadcrumb":{"@id":"https:\/\/autosphere.ca\/fr\/concessionnaires\/2026\/09\/03\/ou-est-passee-la-voiture-economique\/#breadcrumb"},"inLanguage":"fr-FR","potentialAction":[{"@type":"ReadAction","target":["https:\/\/autosphere.ca\/fr\/concessionnaires\/2026\/09\/03\/ou-est-passee-la-voiture-economique\/"]}]},{"@type":"ImageObject","inLanguage":"fr-FR","@id":"https:\/\/autosphere.ca\/fr\/concessionnaires\/2026\/09\/03\/ou-est-passee-la-voiture-economique\/#primaryimage","url":"https:\/\/autosphere.ca\/wp-content\/uploads\/2026\/09\/AAA-5-3.jpg","contentUrl":"https:\/\/autosphere.ca\/wp-content\/uploads\/2026\/09\/AAA-5-3.jpg","width":758,"height":585},{"@type":"BreadcrumbList","@id":"https:\/\/autosphere.ca\/fr\/concessionnaires\/2026\/09\/03\/ou-est-passee-la-voiture-economique\/#breadcrumb","itemListElement":[{"@type":"ListItem","position":1,"name":"Autosphere","item":"https:\/\/autosphere.ca\/fr\/"},{"@type":"ListItem","position":2,"name":"Concessionnaires","item":"https:\/\/autosphere.ca\/fr\/category\/concessionnaires\/"},{"@type":"ListItem","position":3,"name":"O\u00f9 est pass\u00e9e la voiture \u00e9conomique ?"}]},{"@type":"WebSite","@id":"https:\/\/autosphere.ca\/fr\/#website","url":"https:\/\/autosphere.ca\/fr\/","name":"Autosphere","description":"Articles et nouvelles de l&#039;industrie automobile","publisher":{"@id":"https:\/\/autosphere.ca\/fr\/#organization"},"potentialAction":[{"@type":"SearchAction","target":{"@type":"EntryPoint","urlTemplate":"https:\/\/autosphere.ca\/fr\/?s={search_term_string}"},"query-input":{"@type":"PropertyValueSpecification","valueRequired":true,"valueName":"search_term_string"}}],"inLanguage":"fr-FR"},{"@type":"Organization","@id":"https:\/\/autosphere.ca\/fr\/#organization","name":"Autosphere","url":"https:\/\/autosphere.ca\/fr\/","logo":{"@type":"ImageObject","inLanguage":"fr-FR","@id":"https:\/\/autosphere.ca\/fr\/#\/schema\/logo\/image\/","url":"https:\/\/autosphere.ca\/wp-content\/uploads\/2021\/06\/AutosphereLogo-SM.png","contentUrl":"https:\/\/autosphere.ca\/wp-content\/uploads\/2021\/06\/AutosphereLogo-SM.png","width":586,"height":586,"caption":"Autosphere"},"image":{"@id":"https:\/\/autosphere.ca\/fr\/#\/schema\/logo\/image\/"},"sameAs":["https:\/\/www.facebook.com\/autosphere.ca","https:\/\/x.com\/autosphere_ca","https:\/\/www.linkedin.com\/company\/autosphere-en"]},{"@type":"Person","@id":"https:\/\/autosphere.ca\/fr\/#\/schema\/person\/6a537be4f85164582c6fc1e54b503e8b","name":"Daniel Rufiange","image":{"@type":"ImageObject","inLanguage":"fr-FR","@id":"https:\/\/secure.gravatar.com\/avatar\/d4d47374c6738bf7a7bc18a06924ba6998f29c380031d5a8d934ba036bd6f18a?s=96&d=mm&r=g","url":"https:\/\/secure.gravatar.com\/avatar\/d4d47374c6738bf7a7bc18a06924ba6998f29c380031d5a8d934ba036bd6f18a?s=96&d=mm&r=g","contentUrl":"https:\/\/secure.gravatar.com\/avatar\/d4d47374c6738bf7a7bc18a06924ba6998f29c380031d5a8d934ba036bd6f18a?s=96&d=mm&r=g","caption":"Daniel Rufiange"},"url":"https:\/\/autosphere.ca\/fr\/author\/drufiange\/"}]}},"_links":{"self":[{"href":"https:\/\/autosphere.ca\/fr\/wp-json\/wp\/v2\/posts\/463207","targetHints":{"allow":["GET"]}}],"collection":[{"href":"https:\/\/autosphere.ca\/fr\/wp-json\/wp\/v2\/posts"}],"about":[{"href":"https:\/\/autosphere.ca\/fr\/wp-json\/wp\/v2\/types\/post"}],"author":[{"embeddable":true,"href":"https:\/\/autosphere.ca\/fr\/wp-json\/wp\/v2\/users\/97"}],"replies":[{"embeddable":true,"href":"https:\/\/autosphere.ca\/fr\/wp-json\/wp\/v2\/comments?post=463207"}],"version-history":[{"count":2,"href":"https:\/\/autosphere.ca\/fr\/wp-json\/wp\/v2\/posts\/463207\/revisions"}],"predecessor-version":[{"id":463242,"href":"https:\/\/autosphere.ca\/fr\/wp-json\/wp\/v2\/posts\/463207\/revisions\/463242"}],"wp:featuredmedia":[{"embeddable":true,"href":"https:\/\/autosphere.ca\/fr\/wp-json\/wp\/v2\/media\/463210"}],"wp:attachment":[{"href":"https:\/\/autosphere.ca\/fr\/wp-json\/wp\/v2\/media?parent=463207"}],"wp:term":[{"taxonomy":"category","embeddable":true,"href":"https:\/\/autosphere.ca\/fr\/wp-json\/wp\/v2\/categories?post=463207"},{"taxonomy":"post_tag","embeddable":true,"href":"https:\/\/autosphere.ca\/fr\/wp-json\/wp\/v2\/tags?post=463207"}],"curies":[{"name":"wp","href":"https:\/\/api.w.org\/{rel}","templated":true}]}}