{"id":463089,"date":"2026-09-02T10:30:11","date_gmt":"2026-09-02T14:30:11","guid":{"rendered":"https:\/\/autosphere.ca\/?p=463089"},"modified":"2026-09-02T10:30:11","modified_gmt":"2026-09-02T14:30:11","slug":"ferrari-prepare-un-hommage-a-michael-schumacher-a-monza","status":"publish","type":"post","link":"https:\/\/autosphere.ca\/fr\/concessionnaires\/2026\/09\/02\/ferrari-prepare-un-hommage-a-michael-schumacher-a-monza\/","title":{"rendered":"Ferrari pr\u00e9pare un hommage \u00e0 Michael Schumacher \u00e0 Monza"},"content":{"rendered":"<p dir=\"ltr\"><strong>Pour marquer les 30 ans de l&rsquo;arriv\u00e9e du pilote allemand, la Scuderia d\u00e9ploie une strat\u00e9gie d&rsquo;activation historique lors du Grand Prix d&rsquo;Italie.<\/strong><\/p>\n<p dir=\"ltr\"><span>La Scuderia Ferrari arborera une livr\u00e9e sp\u00e9ciale inspir\u00e9e de la F310 de 1996 sur les monoplaces de Lewis Hamilton et Charles Leclerc lors du Grand Prix d&rsquo;Italie. Cette activation vise \u00e0 c\u00e9l\u00e9brer le 30e anniversaire de la signature de Michael Schumacher avec l&rsquo;\u00e9curie de Maranello, avec qui il a remport\u00e9 cinq de ses sept titres mondiaux.<\/span><\/p>\n<p dir=\"ltr\"><span>Pour les partenaires commerciaux et les acteurs de l&rsquo;industrie du sport automobile, cette op\u00e9ration illustre l&rsquo;utilisation du patrimoine historique comme levier de notori\u00e9t\u00e9. Les v\u00e9hicules recevront des accents dor\u00e9s sur les jantes, le logo officiel du pilote, ainsi que sept \u00e9toiles sur le nez rappelant le motif de son casque de 2004.<\/span><\/p>\n<p dir=\"ltr\"><span>Le dispositif marketing comprendra des combinaisons et des casques assortis pour les pilotes, ainsi que des d\u00e9monstrations en piste \u00e0 Monza de trois monoplaces embl\u00e9matiques : la F310 (1996), la F2002 (2002) et la 248 F1 (2006).<\/span><\/p>\n","protected":false},"excerpt":{"rendered":"<p>Pour marquer les 30 ans de l&rsquo;arriv\u00e9e du pilote allemand, la Scuderia d\u00e9ploie une strat\u00e9gie d&rsquo;activation historique lors du Grand Prix d&rsquo;Italie. La Scuderia Ferrari arborera une livr\u00e9e sp\u00e9ciale inspir\u00e9e de la F310 de 1996 sur les monoplaces de Lewis Hamilton et Charles Leclerc lors du Grand Prix d&rsquo;Italie. Cette activation vise \u00e0 c\u00e9l\u00e9brer le&#8230;<\/p>\n","protected":false},"author":526,"featured_media":463091,"comment_status":"closed","ping_status":"open","sticky":false,"template":"","format":"standard","meta":{"_acf_changed":false,"footnotes":""},"categories":[823,646],"tags":[4131],"class_list":["post-463089","post","type-post","status-publish","format-standard","has-post-thumbnail","hentry","category-concessionnaires-communique","category-concessionnaires","tag-ferrari-fr"],"acf":[],"yoast_head":"<!-- This site is optimized with the Yoast SEO Premium plugin v27.7 (Yoast SEO v27.7) - https:\/\/yoast.com\/product\/yoast-seo-premium-wordpress\/ -->\n<title>Ferrari pr\u00e9pare un hommage \u00e0 Michael Schumacher \u00e0 Monza - Autosphere<\/title>\n<meta name=\"description\" content=\"Pour marquer les 30 ans de l&#039;arriv\u00e9e du pilote allemand, la Scuderia d\u00e9ploie une strat\u00e9gie d&#039;activation historique lors du Grand Prix d&#039;Italie.\" \/>\n<meta name=\"robots\" content=\"index, follow, max-snippet:-1, max-image-preview:large, max-video-preview:-1\" \/>\n<link rel=\"canonical\" href=\"https:\/\/autosphere.ca\/fr\/concessionnaires\/2026\/09\/02\/ferrari-prepare-un-hommage-a-michael-schumacher-a-monza\/\" \/>\n<meta property=\"og:locale\" content=\"fr_FR\" \/>\n<meta property=\"og:type\" content=\"article\" \/>\n<meta property=\"og:title\" content=\"Ferrari pr\u00e9pare un hommage \u00e0 Michael Schumacher \u00e0 Monza\" \/>\n<meta property=\"og:description\" content=\"Pour marquer les 30 ans de l&#039;arriv\u00e9e du pilote allemand, la Scuderia d\u00e9ploie une strat\u00e9gie d&#039;activation historique lors du Grand Prix d&#039;Italie.\" \/>\n<meta property=\"og:url\" content=\"https:\/\/autosphere.ca\/fr\/concessionnaires\/2026\/09\/02\/ferrari-prepare-un-hommage-a-michael-schumacher-a-monza\/\" \/>\n<meta property=\"og:site_name\" content=\"Autosphere\" \/>\n<meta property=\"article:publisher\" content=\"https:\/\/www.facebook.com\/autosphere.ca\" \/>\n<meta property=\"article:published_time\" content=\"2026-09-02T14:30:11+00:00\" \/>\n<meta property=\"og:image\" content=\"https:\/\/autosphere.ca\/wp-content\/uploads\/2026\/09\/AAA-5-2.jpg\" \/>\n\t<meta property=\"og:image:width\" content=\"758\" \/>\n\t<meta property=\"og:image:height\" content=\"585\" \/>\n\t<meta property=\"og:image:type\" content=\"image\/jpeg\" \/>\n<meta name=\"author\" content=\"Autosphere\" \/>\n<meta name=\"twitter:card\" content=\"summary_large_image\" \/>\n<meta name=\"twitter:creator\" content=\"@autosphere_ca\" \/>\n<meta name=\"twitter:site\" content=\"@autosphere_ca\" \/>\n<meta name=\"twitter:label1\" content=\"\u00c9crit par\" \/>\n\t<meta name=\"twitter:data1\" content=\"Autosphere\" \/>\n\t<meta name=\"twitter:label2\" content=\"Dur\u00e9e de lecture estim\u00e9e\" \/>\n\t<meta name=\"twitter:data2\" content=\"1 minute\" \/>\n<script type=\"application\/ld+json\" class=\"yoast-schema-graph\">{\"@context\":\"https:\\\/\\\/schema.org\",\"@graph\":[{\"@type\":\"Article\",\"@id\":\"https:\\\/\\\/autosphere.ca\\\/fr\\\/concessionnaires\\\/2026\\\/09\\\/02\\\/ferrari-prepare-un-hommage-a-michael-schumacher-a-monza\\\/#article\",\"isPartOf\":{\"@id\":\"https:\\\/\\\/autosphere.ca\\\/fr\\\/concessionnaires\\\/2026\\\/09\\\/02\\\/ferrari-prepare-un-hommage-a-michael-schumacher-a-monza\\\/\"},\"author\":{\"name\":\"Autosphere\",\"@id\":\"https:\\\/\\\/autosphere.ca\\\/fr\\\/#\\\/schema\\\/person\\\/ff9c09c47127ce21917a66cfc3eec193\"},\"headline\":\"Ferrari pr\u00e9pare un hommage \u00e0 Michael Schumacher \u00e0 Monza\",\"datePublished\":\"2026-09-02T14:30:11+00:00\",\"mainEntityOfPage\":{\"@id\":\"https:\\\/\\\/autosphere.ca\\\/fr\\\/concessionnaires\\\/2026\\\/09\\\/02\\\/ferrari-prepare-un-hommage-a-michael-schumacher-a-monza\\\/\"},\"wordCount\":186,\"publisher\":{\"@id\":\"https:\\\/\\\/autosphere.ca\\\/fr\\\/#organization\"},\"image\":{\"@id\":\"https:\\\/\\\/autosphere.ca\\\/fr\\\/concessionnaires\\\/2026\\\/09\\\/02\\\/ferrari-prepare-un-hommage-a-michael-schumacher-a-monza\\\/#primaryimage\"},\"thumbnailUrl\":\"https:\\\/\\\/autosphere.ca\\\/wp-content\\\/uploads\\\/2026\\\/09\\\/AAA-5-2.jpg\",\"keywords\":[\"Ferrari\"],\"articleSection\":[\"Communiqu\u00e9 de presse\",\"Concessionnaires\"],\"inLanguage\":\"fr-FR\",\"copyrightYear\":\"2026\",\"copyrightHolder\":{\"@id\":\"https:\\\/\\\/autosphere.ca\\\/#organization\"}},{\"@type\":\"WebPage\",\"@id\":\"https:\\\/\\\/autosphere.ca\\\/fr\\\/concessionnaires\\\/2026\\\/09\\\/02\\\/ferrari-prepare-un-hommage-a-michael-schumacher-a-monza\\\/\",\"url\":\"https:\\\/\\\/autosphere.ca\\\/fr\\\/concessionnaires\\\/2026\\\/09\\\/02\\\/ferrari-prepare-un-hommage-a-michael-schumacher-a-monza\\\/\",\"name\":\"Ferrari pr\u00e9pare un hommage \u00e0 Michael Schumacher \u00e0 Monza - Autosphere\",\"isPartOf\":{\"@id\":\"https:\\\/\\\/autosphere.ca\\\/fr\\\/#website\"},\"primaryImageOfPage\":{\"@id\":\"https:\\\/\\\/autosphere.ca\\\/fr\\\/concessionnaires\\\/2026\\\/09\\\/02\\\/ferrari-prepare-un-hommage-a-michael-schumacher-a-monza\\\/#primaryimage\"},\"image\":{\"@id\":\"https:\\\/\\\/autosphere.ca\\\/fr\\\/concessionnaires\\\/2026\\\/09\\\/02\\\/ferrari-prepare-un-hommage-a-michael-schumacher-a-monza\\\/#primaryimage\"},\"thumbnailUrl\":\"https:\\\/\\\/autosphere.ca\\\/wp-content\\\/uploads\\\/2026\\\/09\\\/AAA-5-2.jpg\",\"datePublished\":\"2026-09-02T14:30:11+00:00\",\"description\":\"Pour marquer les 30 ans de l'arriv\u00e9e du pilote allemand, la Scuderia d\u00e9ploie une strat\u00e9gie d'activation historique lors du Grand Prix d'Italie.\",\"breadcrumb\":{\"@id\":\"https:\\\/\\\/autosphere.ca\\\/fr\\\/concessionnaires\\\/2026\\\/09\\\/02\\\/ferrari-prepare-un-hommage-a-michael-schumacher-a-monza\\\/#breadcrumb\"},\"inLanguage\":\"fr-FR\",\"potentialAction\":[{\"@type\":\"ReadAction\",\"target\":[\"https:\\\/\\\/autosphere.ca\\\/fr\\\/concessionnaires\\\/2026\\\/09\\\/02\\\/ferrari-prepare-un-hommage-a-michael-schumacher-a-monza\\\/\"]}]},{\"@type\":\"ImageObject\",\"inLanguage\":\"fr-FR\",\"@id\":\"https:\\\/\\\/autosphere.ca\\\/fr\\\/concessionnaires\\\/2026\\\/09\\\/02\\\/ferrari-prepare-un-hommage-a-michael-schumacher-a-monza\\\/#primaryimage\",\"url\":\"https:\\\/\\\/autosphere.ca\\\/wp-content\\\/uploads\\\/2026\\\/09\\\/AAA-5-2.jpg\",\"contentUrl\":\"https:\\\/\\\/autosphere.ca\\\/wp-content\\\/uploads\\\/2026\\\/09\\\/AAA-5-2.jpg\",\"width\":758,\"height\":585},{\"@type\":\"BreadcrumbList\",\"@id\":\"https:\\\/\\\/autosphere.ca\\\/fr\\\/concessionnaires\\\/2026\\\/09\\\/02\\\/ferrari-prepare-un-hommage-a-michael-schumacher-a-monza\\\/#breadcrumb\",\"itemListElement\":[{\"@type\":\"ListItem\",\"position\":1,\"name\":\"Autosphere\",\"item\":\"https:\\\/\\\/autosphere.ca\\\/fr\\\/\"},{\"@type\":\"ListItem\",\"position\":2,\"name\":\"Concessionnaires\",\"item\":\"https:\\\/\\\/autosphere.ca\\\/fr\\\/category\\\/concessionnaires\\\/\"},{\"@type\":\"ListItem\",\"position\":3,\"name\":\"Ferrari pr\u00e9pare un hommage \u00e0 Michael Schumacher \u00e0 Monza\"}]},{\"@type\":\"WebSite\",\"@id\":\"https:\\\/\\\/autosphere.ca\\\/fr\\\/#website\",\"url\":\"https:\\\/\\\/autosphere.ca\\\/fr\\\/\",\"name\":\"Autosphere\",\"description\":\"Articles et nouvelles de l&#039;industrie automobile\",\"publisher\":{\"@id\":\"https:\\\/\\\/autosphere.ca\\\/fr\\\/#organization\"},\"potentialAction\":[{\"@type\":\"SearchAction\",\"target\":{\"@type\":\"EntryPoint\",\"urlTemplate\":\"https:\\\/\\\/autosphere.ca\\\/fr\\\/?s={search_term_string}\"},\"query-input\":{\"@type\":\"PropertyValueSpecification\",\"valueRequired\":true,\"valueName\":\"search_term_string\"}}],\"inLanguage\":\"fr-FR\"},{\"@type\":\"Organization\",\"@id\":\"https:\\\/\\\/autosphere.ca\\\/fr\\\/#organization\",\"name\":\"Autosphere\",\"url\":\"https:\\\/\\\/autosphere.ca\\\/fr\\\/\",\"logo\":{\"@type\":\"ImageObject\",\"inLanguage\":\"fr-FR\",\"@id\":\"https:\\\/\\\/autosphere.ca\\\/fr\\\/#\\\/schema\\\/logo\\\/image\\\/\",\"url\":\"https:\\\/\\\/autosphere.ca\\\/wp-content\\\/uploads\\\/2021\\\/06\\\/AutosphereLogo-SM.png\",\"contentUrl\":\"https:\\\/\\\/autosphere.ca\\\/wp-content\\\/uploads\\\/2021\\\/06\\\/AutosphereLogo-SM.png\",\"width\":586,\"height\":586,\"caption\":\"Autosphere\"},\"image\":{\"@id\":\"https:\\\/\\\/autosphere.ca\\\/fr\\\/#\\\/schema\\\/logo\\\/image\\\/\"},\"sameAs\":[\"https:\\\/\\\/www.facebook.com\\\/autosphere.ca\",\"https:\\\/\\\/x.com\\\/autosphere_ca\",\"https:\\\/\\\/www.linkedin.com\\\/company\\\/autosphere-en\"]},{\"@type\":\"Person\",\"@id\":\"https:\\\/\\\/autosphere.ca\\\/fr\\\/#\\\/schema\\\/person\\\/ff9c09c47127ce21917a66cfc3eec193\",\"name\":\"Autosphere\",\"image\":{\"@type\":\"ImageObject\",\"inLanguage\":\"fr-FR\",\"@id\":\"https:\\\/\\\/secure.gravatar.com\\\/avatar\\\/7902cacedf6834a87d945093aa200ff224945e9d18489bcd83ab0447f70000be?s=96&d=mm&r=g\",\"url\":\"https:\\\/\\\/secure.gravatar.com\\\/avatar\\\/7902cacedf6834a87d945093aa200ff224945e9d18489bcd83ab0447f70000be?s=96&d=mm&r=g\",\"contentUrl\":\"https:\\\/\\\/secure.gravatar.com\\\/avatar\\\/7902cacedf6834a87d945093aa200ff224945e9d18489bcd83ab0447f70000be?s=96&d=mm&r=g\",\"caption\":\"Autosphere\"},\"url\":\"https:\\\/\\\/autosphere.ca\\\/fr\\\/author\\\/janick-murray-hall\\\/\"}]}<\/script>\n<!-- \/ Yoast SEO Premium plugin. -->","yoast_head_json":{"title":"Ferrari pr\u00e9pare un hommage \u00e0 Michael Schumacher \u00e0 Monza - Autosphere","description":"Pour marquer les 30 ans de l'arriv\u00e9e du pilote allemand, la Scuderia d\u00e9ploie une strat\u00e9gie d'activation historique lors du Grand Prix d'Italie.","robots":{"index":"index","follow":"follow","max-snippet":"max-snippet:-1","max-image-preview":"max-image-preview:large","max-video-preview":"max-video-preview:-1"},"canonical":"https:\/\/autosphere.ca\/fr\/concessionnaires\/2026\/09\/02\/ferrari-prepare-un-hommage-a-michael-schumacher-a-monza\/","og_locale":"fr_FR","og_type":"article","og_title":"Ferrari pr\u00e9pare un hommage \u00e0 Michael Schumacher \u00e0 Monza","og_description":"Pour marquer les 30 ans de l'arriv\u00e9e du pilote allemand, la Scuderia d\u00e9ploie une strat\u00e9gie d'activation historique lors du Grand Prix d'Italie.","og_url":"https:\/\/autosphere.ca\/fr\/concessionnaires\/2026\/09\/02\/ferrari-prepare-un-hommage-a-michael-schumacher-a-monza\/","og_site_name":"Autosphere","article_publisher":"https:\/\/www.facebook.com\/autosphere.ca","article_published_time":"2026-09-02T14:30:11+00:00","og_image":[{"width":758,"height":585,"url":"https:\/\/autosphere.ca\/wp-content\/uploads\/2026\/09\/AAA-5-2.jpg","type":"image\/jpeg"}],"author":"Autosphere","twitter_card":"summary_large_image","twitter_creator":"@autosphere_ca","twitter_site":"@autosphere_ca","twitter_misc":{"\u00c9crit par":"Autosphere","Dur\u00e9e de lecture estim\u00e9e":"1 minute"},"schema":{"@context":"https:\/\/schema.org","@graph":[{"@type":"Article","@id":"https:\/\/autosphere.ca\/fr\/concessionnaires\/2026\/09\/02\/ferrari-prepare-un-hommage-a-michael-schumacher-a-monza\/#article","isPartOf":{"@id":"https:\/\/autosphere.ca\/fr\/concessionnaires\/2026\/09\/02\/ferrari-prepare-un-hommage-a-michael-schumacher-a-monza\/"},"author":{"name":"Autosphere","@id":"https:\/\/autosphere.ca\/fr\/#\/schema\/person\/ff9c09c47127ce21917a66cfc3eec193"},"headline":"Ferrari pr\u00e9pare un hommage \u00e0 Michael Schumacher \u00e0 Monza","datePublished":"2026-09-02T14:30:11+00:00","mainEntityOfPage":{"@id":"https:\/\/autosphere.ca\/fr\/concessionnaires\/2026\/09\/02\/ferrari-prepare-un-hommage-a-michael-schumacher-a-monza\/"},"wordCount":186,"publisher":{"@id":"https:\/\/autosphere.ca\/fr\/#organization"},"image":{"@id":"https:\/\/autosphere.ca\/fr\/concessionnaires\/2026\/09\/02\/ferrari-prepare-un-hommage-a-michael-schumacher-a-monza\/#primaryimage"},"thumbnailUrl":"https:\/\/autosphere.ca\/wp-content\/uploads\/2026\/09\/AAA-5-2.jpg","keywords":["Ferrari"],"articleSection":["Communiqu\u00e9 de presse","Concessionnaires"],"inLanguage":"fr-FR","copyrightYear":"2026","copyrightHolder":{"@id":"https:\/\/autosphere.ca\/#organization"}},{"@type":"WebPage","@id":"https:\/\/autosphere.ca\/fr\/concessionnaires\/2026\/09\/02\/ferrari-prepare-un-hommage-a-michael-schumacher-a-monza\/","url":"https:\/\/autosphere.ca\/fr\/concessionnaires\/2026\/09\/02\/ferrari-prepare-un-hommage-a-michael-schumacher-a-monza\/","name":"Ferrari pr\u00e9pare un hommage \u00e0 Michael Schumacher \u00e0 Monza - Autosphere","isPartOf":{"@id":"https:\/\/autosphere.ca\/fr\/#website"},"primaryImageOfPage":{"@id":"https:\/\/autosphere.ca\/fr\/concessionnaires\/2026\/09\/02\/ferrari-prepare-un-hommage-a-michael-schumacher-a-monza\/#primaryimage"},"image":{"@id":"https:\/\/autosphere.ca\/fr\/concessionnaires\/2026\/09\/02\/ferrari-prepare-un-hommage-a-michael-schumacher-a-monza\/#primaryimage"},"thumbnailUrl":"https:\/\/autosphere.ca\/wp-content\/uploads\/2026\/09\/AAA-5-2.jpg","datePublished":"2026-09-02T14:30:11+00:00","description":"Pour marquer les 30 ans de l'arriv\u00e9e du pilote allemand, la Scuderia d\u00e9ploie une strat\u00e9gie d'activation historique lors du Grand Prix d'Italie.","breadcrumb":{"@id":"https:\/\/autosphere.ca\/fr\/concessionnaires\/2026\/09\/02\/ferrari-prepare-un-hommage-a-michael-schumacher-a-monza\/#breadcrumb"},"inLanguage":"fr-FR","potentialAction":[{"@type":"ReadAction","target":["https:\/\/autosphere.ca\/fr\/concessionnaires\/2026\/09\/02\/ferrari-prepare-un-hommage-a-michael-schumacher-a-monza\/"]}]},{"@type":"ImageObject","inLanguage":"fr-FR","@id":"https:\/\/autosphere.ca\/fr\/concessionnaires\/2026\/09\/02\/ferrari-prepare-un-hommage-a-michael-schumacher-a-monza\/#primaryimage","url":"https:\/\/autosphere.ca\/wp-content\/uploads\/2026\/09\/AAA-5-2.jpg","contentUrl":"https:\/\/autosphere.ca\/wp-content\/uploads\/2026\/09\/AAA-5-2.jpg","width":758,"height":585},{"@type":"BreadcrumbList","@id":"https:\/\/autosphere.ca\/fr\/concessionnaires\/2026\/09\/02\/ferrari-prepare-un-hommage-a-michael-schumacher-a-monza\/#breadcrumb","itemListElement":[{"@type":"ListItem","position":1,"name":"Autosphere","item":"https:\/\/autosphere.ca\/fr\/"},{"@type":"ListItem","position":2,"name":"Concessionnaires","item":"https:\/\/autosphere.ca\/fr\/category\/concessionnaires\/"},{"@type":"ListItem","position":3,"name":"Ferrari pr\u00e9pare un hommage \u00e0 Michael Schumacher \u00e0 Monza"}]},{"@type":"WebSite","@id":"https:\/\/autosphere.ca\/fr\/#website","url":"https:\/\/autosphere.ca\/fr\/","name":"Autosphere","description":"Articles et nouvelles de l&#039;industrie automobile","publisher":{"@id":"https:\/\/autosphere.ca\/fr\/#organization"},"potentialAction":[{"@type":"SearchAction","target":{"@type":"EntryPoint","urlTemplate":"https:\/\/autosphere.ca\/fr\/?s={search_term_string}"},"query-input":{"@type":"PropertyValueSpecification","valueRequired":true,"valueName":"search_term_string"}}],"inLanguage":"fr-FR"},{"@type":"Organization","@id":"https:\/\/autosphere.ca\/fr\/#organization","name":"Autosphere","url":"https:\/\/autosphere.ca\/fr\/","logo":{"@type":"ImageObject","inLanguage":"fr-FR","@id":"https:\/\/autosphere.ca\/fr\/#\/schema\/logo\/image\/","url":"https:\/\/autosphere.ca\/wp-content\/uploads\/2021\/06\/AutosphereLogo-SM.png","contentUrl":"https:\/\/autosphere.ca\/wp-content\/uploads\/2021\/06\/AutosphereLogo-SM.png","width":586,"height":586,"caption":"Autosphere"},"image":{"@id":"https:\/\/autosphere.ca\/fr\/#\/schema\/logo\/image\/"},"sameAs":["https:\/\/www.facebook.com\/autosphere.ca","https:\/\/x.com\/autosphere_ca","https:\/\/www.linkedin.com\/company\/autosphere-en"]},{"@type":"Person","@id":"https:\/\/autosphere.ca\/fr\/#\/schema\/person\/ff9c09c47127ce21917a66cfc3eec193","name":"Autosphere","image":{"@type":"ImageObject","inLanguage":"fr-FR","@id":"https:\/\/secure.gravatar.com\/avatar\/7902cacedf6834a87d945093aa200ff224945e9d18489bcd83ab0447f70000be?s=96&d=mm&r=g","url":"https:\/\/secure.gravatar.com\/avatar\/7902cacedf6834a87d945093aa200ff224945e9d18489bcd83ab0447f70000be?s=96&d=mm&r=g","contentUrl":"https:\/\/secure.gravatar.com\/avatar\/7902cacedf6834a87d945093aa200ff224945e9d18489bcd83ab0447f70000be?s=96&d=mm&r=g","caption":"Autosphere"},"url":"https:\/\/autosphere.ca\/fr\/author\/janick-murray-hall\/"}]}},"_links":{"self":[{"href":"https:\/\/autosphere.ca\/fr\/wp-json\/wp\/v2\/posts\/463089","targetHints":{"allow":["GET"]}}],"collection":[{"href":"https:\/\/autosphere.ca\/fr\/wp-json\/wp\/v2\/posts"}],"about":[{"href":"https:\/\/autosphere.ca\/fr\/wp-json\/wp\/v2\/types\/post"}],"author":[{"embeddable":true,"href":"https:\/\/autosphere.ca\/fr\/wp-json\/wp\/v2\/users\/526"}],"replies":[{"embeddable":true,"href":"https:\/\/autosphere.ca\/fr\/wp-json\/wp\/v2\/comments?post=463089"}],"version-history":[{"count":1,"href":"https:\/\/autosphere.ca\/fr\/wp-json\/wp\/v2\/posts\/463089\/revisions"}],"predecessor-version":[{"id":463093,"href":"https:\/\/autosphere.ca\/fr\/wp-json\/wp\/v2\/posts\/463089\/revisions\/463093"}],"wp:featuredmedia":[{"embeddable":true,"href":"https:\/\/autosphere.ca\/fr\/wp-json\/wp\/v2\/media\/463091"}],"wp:attachment":[{"href":"https:\/\/autosphere.ca\/fr\/wp-json\/wp\/v2\/media?parent=463089"}],"wp:term":[{"taxonomy":"category","embeddable":true,"href":"https:\/\/autosphere.ca\/fr\/wp-json\/wp\/v2\/categories?post=463089"},{"taxonomy":"post_tag","embeddable":true,"href":"https:\/\/autosphere.ca\/fr\/wp-json\/wp\/v2\/tags?post=463089"}],"curies":[{"name":"wp","href":"https:\/\/api.w.org\/{rel}","templated":true}]}}