{"id":463057,"date":"2026-09-02T10:21:05","date_gmt":"2026-09-02T14:21:05","guid":{"rendered":"https:\/\/autosphere.ca\/?p=463057"},"modified":"2026-09-02T10:21:05","modified_gmt":"2026-09-02T14:21:05","slug":"le-tucson-et-le-gv70-stimulent-les-volumes-de-vente-chez-hyundai","status":"publish","type":"post","link":"https:\/\/autosphere.ca\/fr\/concessionnaires\/2026\/09\/02\/le-tucson-et-le-gv70-stimulent-les-volumes-de-vente-chez-hyundai\/","title":{"rendered":"Le Tucson et le GV70 stimulent les volumes de vente chez Hyundai"},"content":{"rendered":"<p dir=\"ltr\"><strong>Tir\u00e9es par la forte demande pour les VUS Tucson et GV70, les deux marques cor\u00e9ennes consolident leurs parts de march\u00e9 canadiennes.<\/strong><\/p>\n<p dir=\"ltr\"><span>Hyundai Auto Canada rapporte un mois d&rsquo;ao\u00fbt record sur le march\u00e9 canadien, totalisant 12 934 v\u00e9hicules vendus. Le VUS Tucson a men\u00e9 la charge en \u00e9tablissant un sommet historique pour un mois d&rsquo;ao\u00fbt avec 4 265 unit\u00e9s livr\u00e9es, suivi par le Kona (2 822 unit\u00e9s en versions \u00e0 essence et \u00e9lectrique) et la berline Elantra (2 140 unit\u00e9s).<\/span><\/p>\n<p dir=\"ltr\"><span>Pour les directeurs de concessions et les analystes du secteur, ces chiffres confirment la r\u00e9silience des mod\u00e8les utilitaires compacts et la pertinence d&rsquo;une offre multi-\u00e9nergie (essence, hybride, hybride rechargeable et \u00e9lectrique). Steve Flamand, pr\u00e9sident et chef de la direction de Hyundai Auto Canada, attribue ces r\u00e9sultats au travail du r\u00e9seau de d\u00e9taillants et \u00e0 l&rsquo;\u00e9quilibre de la gamme de produits.<\/span><\/p>\n<p dir=\"ltr\"><span>Du c\u00f4t\u00e9 de la division de luxe, Genesis Canada a \u00e9galement inscrit un mois d&rsquo;ao\u00fbt record avec 770 livraisons, port\u00e9es par le GV70 qui a enregistr\u00e9 sa meilleure performance historique pour ce mois avec 526 unit\u00e9s. La marque cherche \u00e0 maintenir cette dynamique avec le d\u00e9voilement mondial du GV90, son futur VUS \u00e9lectrique grand format \u00e0 portes antagonistes sans pilier, positionn\u00e9 pour renforcer la pr\u00e9sence de la marque dans le segment haut de gamme.<\/span><\/p>\n","protected":false},"excerpt":{"rendered":"<p>Tir\u00e9es par la forte demande pour les VUS Tucson et GV70, les deux marques cor\u00e9ennes consolident leurs parts de march\u00e9 canadiennes. Hyundai Auto Canada rapporte un mois d&rsquo;ao\u00fbt record sur le march\u00e9 canadien, totalisant 12 934 v\u00e9hicules vendus. Le VUS Tucson a men\u00e9 la charge en \u00e9tablissant un sommet historique pour un mois d&rsquo;ao\u00fbt avec&#8230;<\/p>\n","protected":false},"author":526,"featured_media":463059,"comment_status":"closed","ping_status":"open","sticky":false,"template":"","format":"standard","meta":{"_acf_changed":false,"footnotes":""},"categories":[823,646],"tags":[2436],"class_list":["post-463057","post","type-post","status-publish","format-standard","has-post-thumbnail","hentry","category-concessionnaires-communique","category-concessionnaires","tag-hyundai"],"acf":[],"yoast_head":"<!-- This site is optimized with the Yoast SEO Premium plugin v27.7 (Yoast SEO v27.7) - https:\/\/yoast.com\/product\/yoast-seo-premium-wordpress\/ -->\n<title>Le Tucson et le GV70 stimulent les volumes de vente chez Hyundai - Autosphere<\/title>\n<meta name=\"description\" content=\"Tir\u00e9es par la forte demande pour les VUS Tucson et GV70, les deux marques cor\u00e9ennes consolident leurs parts de march\u00e9 canadiennes.\" \/>\n<meta name=\"robots\" content=\"index, follow, max-snippet:-1, max-image-preview:large, max-video-preview:-1\" \/>\n<link rel=\"canonical\" href=\"https:\/\/autosphere.ca\/fr\/concessionnaires\/2026\/09\/02\/le-tucson-et-le-gv70-stimulent-les-volumes-de-vente-chez-hyundai\/\" \/>\n<meta property=\"og:locale\" content=\"fr_FR\" \/>\n<meta property=\"og:type\" content=\"article\" \/>\n<meta property=\"og:title\" content=\"Le Tucson et le GV70 stimulent les volumes de vente chez Hyundai\" \/>\n<meta property=\"og:description\" content=\"Tir\u00e9es par la forte demande pour les VUS Tucson et GV70, les deux marques cor\u00e9ennes consolident leurs parts de march\u00e9 canadiennes.\" \/>\n<meta property=\"og:url\" content=\"https:\/\/autosphere.ca\/fr\/concessionnaires\/2026\/09\/02\/le-tucson-et-le-gv70-stimulent-les-volumes-de-vente-chez-hyundai\/\" \/>\n<meta property=\"og:site_name\" content=\"Autosphere\" \/>\n<meta property=\"article:publisher\" content=\"https:\/\/www.facebook.com\/autosphere.ca\" \/>\n<meta property=\"article:published_time\" content=\"2026-09-02T14:21:05+00:00\" \/>\n<meta property=\"og:image\" content=\"https:\/\/autosphere.ca\/wp-content\/uploads\/2026\/09\/AAA-3-2.jpg\" \/>\n\t<meta property=\"og:image:width\" content=\"758\" \/>\n\t<meta property=\"og:image:height\" content=\"585\" \/>\n\t<meta property=\"og:image:type\" content=\"image\/jpeg\" \/>\n<meta name=\"author\" content=\"Autosphere\" \/>\n<meta name=\"twitter:card\" content=\"summary_large_image\" \/>\n<meta name=\"twitter:creator\" content=\"@autosphere_ca\" \/>\n<meta name=\"twitter:site\" content=\"@autosphere_ca\" \/>\n<meta name=\"twitter:label1\" content=\"\u00c9crit par\" \/>\n\t<meta name=\"twitter:data1\" content=\"Autosphere\" \/>\n\t<meta name=\"twitter:label2\" content=\"Dur\u00e9e de lecture estim\u00e9e\" \/>\n\t<meta name=\"twitter:data2\" content=\"2 minutes\" \/>\n<script type=\"application\/ld+json\" class=\"yoast-schema-graph\">{\"@context\":\"https:\\\/\\\/schema.org\",\"@graph\":[{\"@type\":\"Article\",\"@id\":\"https:\\\/\\\/autosphere.ca\\\/fr\\\/concessionnaires\\\/2026\\\/09\\\/02\\\/le-tucson-et-le-gv70-stimulent-les-volumes-de-vente-chez-hyundai\\\/#article\",\"isPartOf\":{\"@id\":\"https:\\\/\\\/autosphere.ca\\\/fr\\\/concessionnaires\\\/2026\\\/09\\\/02\\\/le-tucson-et-le-gv70-stimulent-les-volumes-de-vente-chez-hyundai\\\/\"},\"author\":{\"name\":\"Autosphere\",\"@id\":\"https:\\\/\\\/autosphere.ca\\\/fr\\\/#\\\/schema\\\/person\\\/ff9c09c47127ce21917a66cfc3eec193\"},\"headline\":\"Le Tucson et le GV70 stimulent les volumes de vente chez Hyundai\",\"datePublished\":\"2026-09-02T14:21:05+00:00\",\"mainEntityOfPage\":{\"@id\":\"https:\\\/\\\/autosphere.ca\\\/fr\\\/concessionnaires\\\/2026\\\/09\\\/02\\\/le-tucson-et-le-gv70-stimulent-les-volumes-de-vente-chez-hyundai\\\/\"},\"wordCount\":238,\"publisher\":{\"@id\":\"https:\\\/\\\/autosphere.ca\\\/fr\\\/#organization\"},\"image\":{\"@id\":\"https:\\\/\\\/autosphere.ca\\\/fr\\\/concessionnaires\\\/2026\\\/09\\\/02\\\/le-tucson-et-le-gv70-stimulent-les-volumes-de-vente-chez-hyundai\\\/#primaryimage\"},\"thumbnailUrl\":\"https:\\\/\\\/autosphere.ca\\\/wp-content\\\/uploads\\\/2026\\\/09\\\/AAA-3-2.jpg\",\"keywords\":[\"Hyundai\"],\"articleSection\":[\"Communiqu\u00e9 de presse\",\"Concessionnaires\"],\"inLanguage\":\"fr-FR\",\"copyrightYear\":\"2026\",\"copyrightHolder\":{\"@id\":\"https:\\\/\\\/autosphere.ca\\\/#organization\"}},{\"@type\":\"WebPage\",\"@id\":\"https:\\\/\\\/autosphere.ca\\\/fr\\\/concessionnaires\\\/2026\\\/09\\\/02\\\/le-tucson-et-le-gv70-stimulent-les-volumes-de-vente-chez-hyundai\\\/\",\"url\":\"https:\\\/\\\/autosphere.ca\\\/fr\\\/concessionnaires\\\/2026\\\/09\\\/02\\\/le-tucson-et-le-gv70-stimulent-les-volumes-de-vente-chez-hyundai\\\/\",\"name\":\"Le Tucson et le GV70 stimulent les volumes de vente chez Hyundai - Autosphere\",\"isPartOf\":{\"@id\":\"https:\\\/\\\/autosphere.ca\\\/fr\\\/#website\"},\"primaryImageOfPage\":{\"@id\":\"https:\\\/\\\/autosphere.ca\\\/fr\\\/concessionnaires\\\/2026\\\/09\\\/02\\\/le-tucson-et-le-gv70-stimulent-les-volumes-de-vente-chez-hyundai\\\/#primaryimage\"},\"image\":{\"@id\":\"https:\\\/\\\/autosphere.ca\\\/fr\\\/concessionnaires\\\/2026\\\/09\\\/02\\\/le-tucson-et-le-gv70-stimulent-les-volumes-de-vente-chez-hyundai\\\/#primaryimage\"},\"thumbnailUrl\":\"https:\\\/\\\/autosphere.ca\\\/wp-content\\\/uploads\\\/2026\\\/09\\\/AAA-3-2.jpg\",\"datePublished\":\"2026-09-02T14:21:05+00:00\",\"description\":\"Tir\u00e9es par la forte demande pour les VUS Tucson et GV70, les deux marques cor\u00e9ennes consolident leurs parts de march\u00e9 canadiennes.\",\"breadcrumb\":{\"@id\":\"https:\\\/\\\/autosphere.ca\\\/fr\\\/concessionnaires\\\/2026\\\/09\\\/02\\\/le-tucson-et-le-gv70-stimulent-les-volumes-de-vente-chez-hyundai\\\/#breadcrumb\"},\"inLanguage\":\"fr-FR\",\"potentialAction\":[{\"@type\":\"ReadAction\",\"target\":[\"https:\\\/\\\/autosphere.ca\\\/fr\\\/concessionnaires\\\/2026\\\/09\\\/02\\\/le-tucson-et-le-gv70-stimulent-les-volumes-de-vente-chez-hyundai\\\/\"]}]},{\"@type\":\"ImageObject\",\"inLanguage\":\"fr-FR\",\"@id\":\"https:\\\/\\\/autosphere.ca\\\/fr\\\/concessionnaires\\\/2026\\\/09\\\/02\\\/le-tucson-et-le-gv70-stimulent-les-volumes-de-vente-chez-hyundai\\\/#primaryimage\",\"url\":\"https:\\\/\\\/autosphere.ca\\\/wp-content\\\/uploads\\\/2026\\\/09\\\/AAA-3-2.jpg\",\"contentUrl\":\"https:\\\/\\\/autosphere.ca\\\/wp-content\\\/uploads\\\/2026\\\/09\\\/AAA-3-2.jpg\",\"width\":758,\"height\":585},{\"@type\":\"BreadcrumbList\",\"@id\":\"https:\\\/\\\/autosphere.ca\\\/fr\\\/concessionnaires\\\/2026\\\/09\\\/02\\\/le-tucson-et-le-gv70-stimulent-les-volumes-de-vente-chez-hyundai\\\/#breadcrumb\",\"itemListElement\":[{\"@type\":\"ListItem\",\"position\":1,\"name\":\"Autosphere\",\"item\":\"https:\\\/\\\/autosphere.ca\\\/fr\\\/\"},{\"@type\":\"ListItem\",\"position\":2,\"name\":\"Concessionnaires\",\"item\":\"https:\\\/\\\/autosphere.ca\\\/fr\\\/category\\\/concessionnaires\\\/\"},{\"@type\":\"ListItem\",\"position\":3,\"name\":\"Le Tucson et le GV70 stimulent les volumes de vente chez Hyundai\"}]},{\"@type\":\"WebSite\",\"@id\":\"https:\\\/\\\/autosphere.ca\\\/fr\\\/#website\",\"url\":\"https:\\\/\\\/autosphere.ca\\\/fr\\\/\",\"name\":\"Autosphere\",\"description\":\"Articles et nouvelles de l&#039;industrie automobile\",\"publisher\":{\"@id\":\"https:\\\/\\\/autosphere.ca\\\/fr\\\/#organization\"},\"potentialAction\":[{\"@type\":\"SearchAction\",\"target\":{\"@type\":\"EntryPoint\",\"urlTemplate\":\"https:\\\/\\\/autosphere.ca\\\/fr\\\/?s={search_term_string}\"},\"query-input\":{\"@type\":\"PropertyValueSpecification\",\"valueRequired\":true,\"valueName\":\"search_term_string\"}}],\"inLanguage\":\"fr-FR\"},{\"@type\":\"Organization\",\"@id\":\"https:\\\/\\\/autosphere.ca\\\/fr\\\/#organization\",\"name\":\"Autosphere\",\"url\":\"https:\\\/\\\/autosphere.ca\\\/fr\\\/\",\"logo\":{\"@type\":\"ImageObject\",\"inLanguage\":\"fr-FR\",\"@id\":\"https:\\\/\\\/autosphere.ca\\\/fr\\\/#\\\/schema\\\/logo\\\/image\\\/\",\"url\":\"https:\\\/\\\/autosphere.ca\\\/wp-content\\\/uploads\\\/2021\\\/06\\\/AutosphereLogo-SM.png\",\"contentUrl\":\"https:\\\/\\\/autosphere.ca\\\/wp-content\\\/uploads\\\/2021\\\/06\\\/AutosphereLogo-SM.png\",\"width\":586,\"height\":586,\"caption\":\"Autosphere\"},\"image\":{\"@id\":\"https:\\\/\\\/autosphere.ca\\\/fr\\\/#\\\/schema\\\/logo\\\/image\\\/\"},\"sameAs\":[\"https:\\\/\\\/www.facebook.com\\\/autosphere.ca\",\"https:\\\/\\\/x.com\\\/autosphere_ca\",\"https:\\\/\\\/www.linkedin.com\\\/company\\\/autosphere-en\"]},{\"@type\":\"Person\",\"@id\":\"https:\\\/\\\/autosphere.ca\\\/fr\\\/#\\\/schema\\\/person\\\/ff9c09c47127ce21917a66cfc3eec193\",\"name\":\"Autosphere\",\"image\":{\"@type\":\"ImageObject\",\"inLanguage\":\"fr-FR\",\"@id\":\"https:\\\/\\\/secure.gravatar.com\\\/avatar\\\/7902cacedf6834a87d945093aa200ff224945e9d18489bcd83ab0447f70000be?s=96&d=mm&r=g\",\"url\":\"https:\\\/\\\/secure.gravatar.com\\\/avatar\\\/7902cacedf6834a87d945093aa200ff224945e9d18489bcd83ab0447f70000be?s=96&d=mm&r=g\",\"contentUrl\":\"https:\\\/\\\/secure.gravatar.com\\\/avatar\\\/7902cacedf6834a87d945093aa200ff224945e9d18489bcd83ab0447f70000be?s=96&d=mm&r=g\",\"caption\":\"Autosphere\"},\"url\":\"https:\\\/\\\/autosphere.ca\\\/fr\\\/author\\\/janick-murray-hall\\\/\"}]}<\/script>\n<!-- \/ Yoast SEO Premium plugin. -->","yoast_head_json":{"title":"Le Tucson et le GV70 stimulent les volumes de vente chez Hyundai - Autosphere","description":"Tir\u00e9es par la forte demande pour les VUS Tucson et GV70, les deux marques cor\u00e9ennes consolident leurs parts de march\u00e9 canadiennes.","robots":{"index":"index","follow":"follow","max-snippet":"max-snippet:-1","max-image-preview":"max-image-preview:large","max-video-preview":"max-video-preview:-1"},"canonical":"https:\/\/autosphere.ca\/fr\/concessionnaires\/2026\/09\/02\/le-tucson-et-le-gv70-stimulent-les-volumes-de-vente-chez-hyundai\/","og_locale":"fr_FR","og_type":"article","og_title":"Le Tucson et le GV70 stimulent les volumes de vente chez Hyundai","og_description":"Tir\u00e9es par la forte demande pour les VUS Tucson et GV70, les deux marques cor\u00e9ennes consolident leurs parts de march\u00e9 canadiennes.","og_url":"https:\/\/autosphere.ca\/fr\/concessionnaires\/2026\/09\/02\/le-tucson-et-le-gv70-stimulent-les-volumes-de-vente-chez-hyundai\/","og_site_name":"Autosphere","article_publisher":"https:\/\/www.facebook.com\/autosphere.ca","article_published_time":"2026-09-02T14:21:05+00:00","og_image":[{"width":758,"height":585,"url":"https:\/\/autosphere.ca\/wp-content\/uploads\/2026\/09\/AAA-3-2.jpg","type":"image\/jpeg"}],"author":"Autosphere","twitter_card":"summary_large_image","twitter_creator":"@autosphere_ca","twitter_site":"@autosphere_ca","twitter_misc":{"\u00c9crit par":"Autosphere","Dur\u00e9e de lecture estim\u00e9e":"2 minutes"},"schema":{"@context":"https:\/\/schema.org","@graph":[{"@type":"Article","@id":"https:\/\/autosphere.ca\/fr\/concessionnaires\/2026\/09\/02\/le-tucson-et-le-gv70-stimulent-les-volumes-de-vente-chez-hyundai\/#article","isPartOf":{"@id":"https:\/\/autosphere.ca\/fr\/concessionnaires\/2026\/09\/02\/le-tucson-et-le-gv70-stimulent-les-volumes-de-vente-chez-hyundai\/"},"author":{"name":"Autosphere","@id":"https:\/\/autosphere.ca\/fr\/#\/schema\/person\/ff9c09c47127ce21917a66cfc3eec193"},"headline":"Le Tucson et le GV70 stimulent les volumes de vente chez Hyundai","datePublished":"2026-09-02T14:21:05+00:00","mainEntityOfPage":{"@id":"https:\/\/autosphere.ca\/fr\/concessionnaires\/2026\/09\/02\/le-tucson-et-le-gv70-stimulent-les-volumes-de-vente-chez-hyundai\/"},"wordCount":238,"publisher":{"@id":"https:\/\/autosphere.ca\/fr\/#organization"},"image":{"@id":"https:\/\/autosphere.ca\/fr\/concessionnaires\/2026\/09\/02\/le-tucson-et-le-gv70-stimulent-les-volumes-de-vente-chez-hyundai\/#primaryimage"},"thumbnailUrl":"https:\/\/autosphere.ca\/wp-content\/uploads\/2026\/09\/AAA-3-2.jpg","keywords":["Hyundai"],"articleSection":["Communiqu\u00e9 de presse","Concessionnaires"],"inLanguage":"fr-FR","copyrightYear":"2026","copyrightHolder":{"@id":"https:\/\/autosphere.ca\/#organization"}},{"@type":"WebPage","@id":"https:\/\/autosphere.ca\/fr\/concessionnaires\/2026\/09\/02\/le-tucson-et-le-gv70-stimulent-les-volumes-de-vente-chez-hyundai\/","url":"https:\/\/autosphere.ca\/fr\/concessionnaires\/2026\/09\/02\/le-tucson-et-le-gv70-stimulent-les-volumes-de-vente-chez-hyundai\/","name":"Le Tucson et le GV70 stimulent les volumes de vente chez Hyundai - Autosphere","isPartOf":{"@id":"https:\/\/autosphere.ca\/fr\/#website"},"primaryImageOfPage":{"@id":"https:\/\/autosphere.ca\/fr\/concessionnaires\/2026\/09\/02\/le-tucson-et-le-gv70-stimulent-les-volumes-de-vente-chez-hyundai\/#primaryimage"},"image":{"@id":"https:\/\/autosphere.ca\/fr\/concessionnaires\/2026\/09\/02\/le-tucson-et-le-gv70-stimulent-les-volumes-de-vente-chez-hyundai\/#primaryimage"},"thumbnailUrl":"https:\/\/autosphere.ca\/wp-content\/uploads\/2026\/09\/AAA-3-2.jpg","datePublished":"2026-09-02T14:21:05+00:00","description":"Tir\u00e9es par la forte demande pour les VUS Tucson et GV70, les deux marques cor\u00e9ennes consolident leurs parts de march\u00e9 canadiennes.","breadcrumb":{"@id":"https:\/\/autosphere.ca\/fr\/concessionnaires\/2026\/09\/02\/le-tucson-et-le-gv70-stimulent-les-volumes-de-vente-chez-hyundai\/#breadcrumb"},"inLanguage":"fr-FR","potentialAction":[{"@type":"ReadAction","target":["https:\/\/autosphere.ca\/fr\/concessionnaires\/2026\/09\/02\/le-tucson-et-le-gv70-stimulent-les-volumes-de-vente-chez-hyundai\/"]}]},{"@type":"ImageObject","inLanguage":"fr-FR","@id":"https:\/\/autosphere.ca\/fr\/concessionnaires\/2026\/09\/02\/le-tucson-et-le-gv70-stimulent-les-volumes-de-vente-chez-hyundai\/#primaryimage","url":"https:\/\/autosphere.ca\/wp-content\/uploads\/2026\/09\/AAA-3-2.jpg","contentUrl":"https:\/\/autosphere.ca\/wp-content\/uploads\/2026\/09\/AAA-3-2.jpg","width":758,"height":585},{"@type":"BreadcrumbList","@id":"https:\/\/autosphere.ca\/fr\/concessionnaires\/2026\/09\/02\/le-tucson-et-le-gv70-stimulent-les-volumes-de-vente-chez-hyundai\/#breadcrumb","itemListElement":[{"@type":"ListItem","position":1,"name":"Autosphere","item":"https:\/\/autosphere.ca\/fr\/"},{"@type":"ListItem","position":2,"name":"Concessionnaires","item":"https:\/\/autosphere.ca\/fr\/category\/concessionnaires\/"},{"@type":"ListItem","position":3,"name":"Le Tucson et le GV70 stimulent les volumes de vente chez Hyundai"}]},{"@type":"WebSite","@id":"https:\/\/autosphere.ca\/fr\/#website","url":"https:\/\/autosphere.ca\/fr\/","name":"Autosphere","description":"Articles et nouvelles de l&#039;industrie automobile","publisher":{"@id":"https:\/\/autosphere.ca\/fr\/#organization"},"potentialAction":[{"@type":"SearchAction","target":{"@type":"EntryPoint","urlTemplate":"https:\/\/autosphere.ca\/fr\/?s={search_term_string}"},"query-input":{"@type":"PropertyValueSpecification","valueRequired":true,"valueName":"search_term_string"}}],"inLanguage":"fr-FR"},{"@type":"Organization","@id":"https:\/\/autosphere.ca\/fr\/#organization","name":"Autosphere","url":"https:\/\/autosphere.ca\/fr\/","logo":{"@type":"ImageObject","inLanguage":"fr-FR","@id":"https:\/\/autosphere.ca\/fr\/#\/schema\/logo\/image\/","url":"https:\/\/autosphere.ca\/wp-content\/uploads\/2021\/06\/AutosphereLogo-SM.png","contentUrl":"https:\/\/autosphere.ca\/wp-content\/uploads\/2021\/06\/AutosphereLogo-SM.png","width":586,"height":586,"caption":"Autosphere"},"image":{"@id":"https:\/\/autosphere.ca\/fr\/#\/schema\/logo\/image\/"},"sameAs":["https:\/\/www.facebook.com\/autosphere.ca","https:\/\/x.com\/autosphere_ca","https:\/\/www.linkedin.com\/company\/autosphere-en"]},{"@type":"Person","@id":"https:\/\/autosphere.ca\/fr\/#\/schema\/person\/ff9c09c47127ce21917a66cfc3eec193","name":"Autosphere","image":{"@type":"ImageObject","inLanguage":"fr-FR","@id":"https:\/\/secure.gravatar.com\/avatar\/7902cacedf6834a87d945093aa200ff224945e9d18489bcd83ab0447f70000be?s=96&d=mm&r=g","url":"https:\/\/secure.gravatar.com\/avatar\/7902cacedf6834a87d945093aa200ff224945e9d18489bcd83ab0447f70000be?s=96&d=mm&r=g","contentUrl":"https:\/\/secure.gravatar.com\/avatar\/7902cacedf6834a87d945093aa200ff224945e9d18489bcd83ab0447f70000be?s=96&d=mm&r=g","caption":"Autosphere"},"url":"https:\/\/autosphere.ca\/fr\/author\/janick-murray-hall\/"}]}},"_links":{"self":[{"href":"https:\/\/autosphere.ca\/fr\/wp-json\/wp\/v2\/posts\/463057","targetHints":{"allow":["GET"]}}],"collection":[{"href":"https:\/\/autosphere.ca\/fr\/wp-json\/wp\/v2\/posts"}],"about":[{"href":"https:\/\/autosphere.ca\/fr\/wp-json\/wp\/v2\/types\/post"}],"author":[{"embeddable":true,"href":"https:\/\/autosphere.ca\/fr\/wp-json\/wp\/v2\/users\/526"}],"replies":[{"embeddable":true,"href":"https:\/\/autosphere.ca\/fr\/wp-json\/wp\/v2\/comments?post=463057"}],"version-history":[{"count":1,"href":"https:\/\/autosphere.ca\/fr\/wp-json\/wp\/v2\/posts\/463057\/revisions"}],"predecessor-version":[{"id":463061,"href":"https:\/\/autosphere.ca\/fr\/wp-json\/wp\/v2\/posts\/463057\/revisions\/463061"}],"wp:featuredmedia":[{"embeddable":true,"href":"https:\/\/autosphere.ca\/fr\/wp-json\/wp\/v2\/media\/463059"}],"wp:attachment":[{"href":"https:\/\/autosphere.ca\/fr\/wp-json\/wp\/v2\/media?parent=463057"}],"wp:term":[{"taxonomy":"category","embeddable":true,"href":"https:\/\/autosphere.ca\/fr\/wp-json\/wp\/v2\/categories?post=463057"},{"taxonomy":"post_tag","embeddable":true,"href":"https:\/\/autosphere.ca\/fr\/wp-json\/wp\/v2\/tags?post=463057"}],"curies":[{"name":"wp","href":"https:\/\/api.w.org\/{rel}","templated":true}]}}