{"id":462930,"date":"2026-09-01T10:07:43","date_gmt":"2026-09-01T14:07:43","guid":{"rendered":"https:\/\/autosphere.ca\/?p=462930"},"modified":"2026-09-01T10:16:30","modified_gmt":"2026-09-01T14:16:30","slug":"autosphere-sur-place-a-automechanika-de-francfort","status":"publish","type":"post","link":"https:\/\/autosphere.ca\/fr\/mecanique\/2026\/09\/01\/autosphere-sur-place-a-automechanika-de-francfort\/","title":{"rendered":"Autosphere sur place \u00e0 Automechanika de Francfort"},"content":{"rendered":"<p dir=\"ltr\"><strong><span>Du 8 au 12 septembre, se d\u00e9roule \u00e0 Francfort en Allemagne, le colossal salon du march\u00e9 secondaire automobile Automechanika. Durant une semaine, quelque 4500 exposants venus de 80 pays profiteront de cette vitrine reconnue pour montrer leurs innovations.<\/span><\/strong><\/p>\n<p dir=\"ltr\"><span>Ax\u00e9 sur la carrosserie et la m\u00e9canique automobile, le salon, qui se d\u00e9roule tous les deux ans, est aussi une importante plateforme de partage d\u2019informations sur des sujets aussi importants pour notre industrie que l\u2019impact de l\u2019intelligence artificielle dans le march\u00e9 secondaire, la conduite autonome ou encore l\u2019avenir de l\u2019interconnectivit\u00e9 des v\u00e9hicules.<\/span><\/p>\n<p dir=\"ltr\"><span>Autosphere a accept\u00e9 la g\u00e9n\u00e9reuse invitation des organisateurs d\u2019Automechanika de venir sur place pour pr\u00e9senter \u00e0 ses lecteurs ce que cette plaque tournante de l\u2019industrie a de plus int\u00e9ressant \u00e0 offrir en mati\u00e8re de nouvelles technologies, d\u2019\u00e9quipements et solutions de pointe.<\/span><\/p>\n<p dir=\"ltr\"><span>Cette ann\u00e9e, une section est r\u00e9serv\u00e9e aux voitures antiques, un d\u00e9tour qui vaudra assur\u00e9ment quelques belles photos.<\/span><\/p>\n<p dir=\"ltr\"><span>Nos lecteurs pourront suivre la couverture de cet \u00e9v\u00e9nement dans une section d\u00e9di\u00e9e de la plateforme <a href=\"https:\/\/autosphere.ca\/fr\/\">Autosphere.ca<\/a>.<\/span><\/p>\n<div class=\"w-gallery fit_cover wp_gallery type_grid action_popup_image ratio_1x1 count_4\" style=\"--columns:4;--items-gap:8px;\"><div class=\"w-gallery-list\"><div class=\"w-gallery-item\"><div class=\"w-gallery-item-img\"><img loading=\"lazy\" decoding=\"async\" width=\"150\" height=\"150\" src=\"https:\/\/autosphere.ca\/wp-content\/uploads\/2026\/09\/AAA-8-150x150.jpg\" class=\"attachment-thumbnail size-thumbnail\" alt=\"\" srcset=\"https:\/\/autosphere.ca\/wp-content\/uploads\/2026\/09\/AAA-8-150x150.jpg 150w, https:\/\/autosphere.ca\/wp-content\/uploads\/2026\/09\/AAA-8-160x160.jpg 160w, https:\/\/autosphere.ca\/wp-content\/uploads\/2026\/09\/AAA-8-300x300.jpg 300w\" sizes=\"auto, (max-width: 150px) 100vw, 150px\" \/><\/div><a class=\"w-gallery-item-link\" aria-label=\"AAA (8)\" href=\"https:\/\/autosphere.ca\/wp-content\/uploads\/2026\/09\/AAA-8.jpg\" title=\"AAA (8)\"><\/a><\/div><div class=\"w-gallery-item\"><div class=\"w-gallery-item-img\"><img loading=\"lazy\" decoding=\"async\" width=\"150\" height=\"150\" src=\"https:\/\/autosphere.ca\/wp-content\/uploads\/2026\/09\/AAA-10-150x150.jpg\" class=\"attachment-thumbnail size-thumbnail\" alt=\"\" srcset=\"https:\/\/autosphere.ca\/wp-content\/uploads\/2026\/09\/AAA-10-150x150.jpg 150w, https:\/\/autosphere.ca\/wp-content\/uploads\/2026\/09\/AAA-10-160x160.jpg 160w, https:\/\/autosphere.ca\/wp-content\/uploads\/2026\/09\/AAA-10-300x300.jpg 300w\" sizes=\"auto, (max-width: 150px) 100vw, 150px\" \/><\/div><a class=\"w-gallery-item-link\" aria-label=\"AAA (10)\" href=\"https:\/\/autosphere.ca\/wp-content\/uploads\/2026\/09\/AAA-10.jpg\" title=\"AAA (10)\"><\/a><\/div><div class=\"w-gallery-item\"><div class=\"w-gallery-item-img\"><img loading=\"lazy\" decoding=\"async\" width=\"150\" height=\"150\" src=\"https:\/\/autosphere.ca\/wp-content\/uploads\/2026\/09\/AAA-11-150x150.jpg\" class=\"attachment-thumbnail size-thumbnail\" alt=\"\" srcset=\"https:\/\/autosphere.ca\/wp-content\/uploads\/2026\/09\/AAA-11-150x150.jpg 150w, https:\/\/autosphere.ca\/wp-content\/uploads\/2026\/09\/AAA-11-160x160.jpg 160w, https:\/\/autosphere.ca\/wp-content\/uploads\/2026\/09\/AAA-11-300x300.jpg 300w\" sizes=\"auto, (max-width: 150px) 100vw, 150px\" \/><\/div><a class=\"w-gallery-item-link\" aria-label=\"AAA (11)\" href=\"https:\/\/autosphere.ca\/wp-content\/uploads\/2026\/09\/AAA-11.jpg\" title=\"AAA (11)\"><\/a><\/div><div class=\"w-gallery-item\"><div class=\"w-gallery-item-img\"><img loading=\"lazy\" decoding=\"async\" width=\"150\" height=\"150\" src=\"https:\/\/autosphere.ca\/wp-content\/uploads\/2026\/09\/AAA-12-150x150.jpg\" class=\"attachment-thumbnail size-thumbnail\" alt=\"\" srcset=\"https:\/\/autosphere.ca\/wp-content\/uploads\/2026\/09\/AAA-12-150x150.jpg 150w, https:\/\/autosphere.ca\/wp-content\/uploads\/2026\/09\/AAA-12-160x160.jpg 160w, https:\/\/autosphere.ca\/wp-content\/uploads\/2026\/09\/AAA-12-300x300.jpg 300w\" sizes=\"auto, (max-width: 150px) 100vw, 150px\" \/><\/div><a class=\"w-gallery-item-link\" aria-label=\"AAA (12)\" href=\"https:\/\/autosphere.ca\/wp-content\/uploads\/2026\/09\/AAA-12.jpg\" title=\"AAA (12)\"><\/a><\/div><\/div><\/div>\n<p dir=\"ltr\">\n","protected":false},"excerpt":{"rendered":"<p>Du 8 au 12 septembre, se d\u00e9roule \u00e0 Francfort en Allemagne, le colossal salon du march\u00e9 secondaire automobile Automechanika. Durant une semaine, quelque 4500 exposants venus de 80 pays profiteront de cette vitrine reconnue pour montrer leurs innovations. Ax\u00e9 sur la carrosserie et la m\u00e9canique automobile, le salon, qui se d\u00e9roule tous les deux ans,&#8230;<\/p>\n","protected":false},"author":41,"featured_media":462933,"comment_status":"closed","ping_status":"open","sticky":false,"template":"","format":"standard","meta":{"_acf_changed":false,"footnotes":""},"categories":[820,632],"tags":[2345],"class_list":["post-462930","post","type-post","status-publish","format-standard","has-post-thumbnail","hentry","category-mecanique-editorial","category-mecanique","tag-automechanika-fr"],"acf":[],"yoast_head":"<!-- This site is optimized with the Yoast SEO Premium plugin v27.7 (Yoast SEO v27.7) - https:\/\/yoast.com\/product\/yoast-seo-premium-wordpress\/ -->\n<title>Autosphere sur place \u00e0 Automechanika de Francfort - Autosphere<\/title>\n<meta name=\"description\" content=\"Du 8 au 12 septembre, se d\u00e9roule \u00e0 Francfort en Allemagne, le colossal salon du march\u00e9 secondaire automobile Automechanika. Durant une semaine, quelque 4500 exposants venus de 80 pays profiteront de cette vitrine reconnue pour montrer leurs...\" \/>\n<meta name=\"robots\" content=\"index, follow, max-snippet:-1, max-image-preview:large, max-video-preview:-1\" \/>\n<link rel=\"canonical\" href=\"https:\/\/autosphere.ca\/fr\/mecanique\/2026\/09\/01\/autosphere-sur-place-a-automechanika-de-francfort\/\" \/>\n<meta property=\"og:locale\" content=\"fr_FR\" \/>\n<meta property=\"og:type\" content=\"article\" \/>\n<meta property=\"og:title\" content=\"Autosphere sur place \u00e0 Automechanika de Francfort\" \/>\n<meta property=\"og:description\" content=\"Du 8 au 12 septembre, se d\u00e9roule \u00e0 Francfort en Allemagne, le colossal salon du march\u00e9 secondaire automobile Automechanika. Durant une semaine, quelque 4500 exposants venus de 80 pays profiteront de cette vitrine reconnue pour montrer leurs...\" \/>\n<meta property=\"og:url\" content=\"https:\/\/autosphere.ca\/fr\/mecanique\/2026\/09\/01\/autosphere-sur-place-a-automechanika-de-francfort\/\" \/>\n<meta property=\"og:site_name\" content=\"Autosphere\" \/>\n<meta property=\"article:publisher\" content=\"https:\/\/www.facebook.com\/autosphere.ca\" \/>\n<meta property=\"article:published_time\" content=\"2026-09-01T14:07:43+00:00\" \/>\n<meta property=\"article:modified_time\" content=\"2026-09-01T14:16:30+00:00\" \/>\n<meta property=\"og:image\" content=\"https:\/\/autosphere.ca\/wp-content\/uploads\/2026\/09\/AAA-9.jpg\" \/>\n\t<meta property=\"og:image:width\" content=\"758\" \/>\n\t<meta property=\"og:image:height\" content=\"585\" \/>\n\t<meta property=\"og:image:type\" content=\"image\/jpeg\" \/>\n<meta name=\"author\" content=\"Michel Beaunoyer\" \/>\n<meta name=\"twitter:card\" content=\"summary_large_image\" \/>\n<meta name=\"twitter:creator\" content=\"@autosphere_ca\" \/>\n<meta name=\"twitter:site\" content=\"@autosphere_ca\" \/>\n<meta name=\"twitter:label1\" content=\"\u00c9crit par\" \/>\n\t<meta name=\"twitter:data1\" content=\"Michel Beaunoyer\" \/>\n\t<meta name=\"twitter:label2\" content=\"Dur\u00e9e de lecture estim\u00e9e\" \/>\n\t<meta name=\"twitter:data2\" content=\"1 minute\" \/>\n<script type=\"application\/ld+json\" class=\"yoast-schema-graph\">{\"@context\":\"https:\\\/\\\/schema.org\",\"@graph\":[{\"@type\":\"Article\",\"@id\":\"https:\\\/\\\/autosphere.ca\\\/fr\\\/mecanique\\\/2026\\\/09\\\/01\\\/autosphere-sur-place-a-automechanika-de-francfort\\\/#article\",\"isPartOf\":{\"@id\":\"https:\\\/\\\/autosphere.ca\\\/fr\\\/mecanique\\\/2026\\\/09\\\/01\\\/autosphere-sur-place-a-automechanika-de-francfort\\\/\"},\"author\":{\"name\":\"Michel Beaunoyer\",\"@id\":\"https:\\\/\\\/autosphere.ca\\\/fr\\\/#\\\/schema\\\/person\\\/87fe5915939ed2a1ddda6f161fba645d\"},\"headline\":\"Autosphere sur place \u00e0 Automechanika de Francfort\",\"datePublished\":\"2026-09-01T14:07:43+00:00\",\"dateModified\":\"2026-09-01T14:16:30+00:00\",\"mainEntityOfPage\":{\"@id\":\"https:\\\/\\\/autosphere.ca\\\/fr\\\/mecanique\\\/2026\\\/09\\\/01\\\/autosphere-sur-place-a-automechanika-de-francfort\\\/\"},\"wordCount\":195,\"publisher\":{\"@id\":\"https:\\\/\\\/autosphere.ca\\\/fr\\\/#organization\"},\"image\":{\"@id\":\"https:\\\/\\\/autosphere.ca\\\/fr\\\/mecanique\\\/2026\\\/09\\\/01\\\/autosphere-sur-place-a-automechanika-de-francfort\\\/#primaryimage\"},\"thumbnailUrl\":\"https:\\\/\\\/autosphere.ca\\\/wp-content\\\/uploads\\\/2026\\\/09\\\/AAA-9.jpg\",\"keywords\":[\"AutoMechanika\"],\"articleSection\":[\"\u00c9ditorial\",\"M\u00e9canique\"],\"inLanguage\":\"fr-FR\",\"copyrightYear\":\"2026\",\"copyrightHolder\":{\"@id\":\"https:\\\/\\\/autosphere.ca\\\/#organization\"}},{\"@type\":\"WebPage\",\"@id\":\"https:\\\/\\\/autosphere.ca\\\/fr\\\/mecanique\\\/2026\\\/09\\\/01\\\/autosphere-sur-place-a-automechanika-de-francfort\\\/\",\"url\":\"https:\\\/\\\/autosphere.ca\\\/fr\\\/mecanique\\\/2026\\\/09\\\/01\\\/autosphere-sur-place-a-automechanika-de-francfort\\\/\",\"name\":\"Autosphere sur place \u00e0 Automechanika de Francfort - Autosphere\",\"isPartOf\":{\"@id\":\"https:\\\/\\\/autosphere.ca\\\/fr\\\/#website\"},\"primaryImageOfPage\":{\"@id\":\"https:\\\/\\\/autosphere.ca\\\/fr\\\/mecanique\\\/2026\\\/09\\\/01\\\/autosphere-sur-place-a-automechanika-de-francfort\\\/#primaryimage\"},\"image\":{\"@id\":\"https:\\\/\\\/autosphere.ca\\\/fr\\\/mecanique\\\/2026\\\/09\\\/01\\\/autosphere-sur-place-a-automechanika-de-francfort\\\/#primaryimage\"},\"thumbnailUrl\":\"https:\\\/\\\/autosphere.ca\\\/wp-content\\\/uploads\\\/2026\\\/09\\\/AAA-9.jpg\",\"datePublished\":\"2026-09-01T14:07:43+00:00\",\"dateModified\":\"2026-09-01T14:16:30+00:00\",\"description\":\"Du 8 au 12 septembre, se d\u00e9roule \u00e0 Francfort en Allemagne, le colossal salon du march\u00e9 secondaire automobile Automechanika. Durant une semaine, quelque 4500 exposants venus de 80 pays profiteront de cette vitrine reconnue pour montrer leurs...\",\"breadcrumb\":{\"@id\":\"https:\\\/\\\/autosphere.ca\\\/fr\\\/mecanique\\\/2026\\\/09\\\/01\\\/autosphere-sur-place-a-automechanika-de-francfort\\\/#breadcrumb\"},\"inLanguage\":\"fr-FR\",\"potentialAction\":[{\"@type\":\"ReadAction\",\"target\":[\"https:\\\/\\\/autosphere.ca\\\/fr\\\/mecanique\\\/2026\\\/09\\\/01\\\/autosphere-sur-place-a-automechanika-de-francfort\\\/\"]}]},{\"@type\":\"ImageObject\",\"inLanguage\":\"fr-FR\",\"@id\":\"https:\\\/\\\/autosphere.ca\\\/fr\\\/mecanique\\\/2026\\\/09\\\/01\\\/autosphere-sur-place-a-automechanika-de-francfort\\\/#primaryimage\",\"url\":\"https:\\\/\\\/autosphere.ca\\\/wp-content\\\/uploads\\\/2026\\\/09\\\/AAA-9.jpg\",\"contentUrl\":\"https:\\\/\\\/autosphere.ca\\\/wp-content\\\/uploads\\\/2026\\\/09\\\/AAA-9.jpg\",\"width\":758,\"height\":585},{\"@type\":\"BreadcrumbList\",\"@id\":\"https:\\\/\\\/autosphere.ca\\\/fr\\\/mecanique\\\/2026\\\/09\\\/01\\\/autosphere-sur-place-a-automechanika-de-francfort\\\/#breadcrumb\",\"itemListElement\":[{\"@type\":\"ListItem\",\"position\":1,\"name\":\"Autosphere\",\"item\":\"https:\\\/\\\/autosphere.ca\\\/fr\\\/\"},{\"@type\":\"ListItem\",\"position\":2,\"name\":\"M\u00e9canique\",\"item\":\"https:\\\/\\\/autosphere.ca\\\/fr\\\/category\\\/mecanique\\\/\"},{\"@type\":\"ListItem\",\"position\":3,\"name\":\"Autosphere sur place \u00e0 Automechanika de Francfort\"}]},{\"@type\":\"WebSite\",\"@id\":\"https:\\\/\\\/autosphere.ca\\\/fr\\\/#website\",\"url\":\"https:\\\/\\\/autosphere.ca\\\/fr\\\/\",\"name\":\"Autosphere\",\"description\":\"Articles et nouvelles de l&#039;industrie automobile\",\"publisher\":{\"@id\":\"https:\\\/\\\/autosphere.ca\\\/fr\\\/#organization\"},\"potentialAction\":[{\"@type\":\"SearchAction\",\"target\":{\"@type\":\"EntryPoint\",\"urlTemplate\":\"https:\\\/\\\/autosphere.ca\\\/fr\\\/?s={search_term_string}\"},\"query-input\":{\"@type\":\"PropertyValueSpecification\",\"valueRequired\":true,\"valueName\":\"search_term_string\"}}],\"inLanguage\":\"fr-FR\"},{\"@type\":\"Organization\",\"@id\":\"https:\\\/\\\/autosphere.ca\\\/fr\\\/#organization\",\"name\":\"Autosphere\",\"url\":\"https:\\\/\\\/autosphere.ca\\\/fr\\\/\",\"logo\":{\"@type\":\"ImageObject\",\"inLanguage\":\"fr-FR\",\"@id\":\"https:\\\/\\\/autosphere.ca\\\/fr\\\/#\\\/schema\\\/logo\\\/image\\\/\",\"url\":\"https:\\\/\\\/autosphere.ca\\\/wp-content\\\/uploads\\\/2021\\\/06\\\/AutosphereLogo-SM.png\",\"contentUrl\":\"https:\\\/\\\/autosphere.ca\\\/wp-content\\\/uploads\\\/2021\\\/06\\\/AutosphereLogo-SM.png\",\"width\":586,\"height\":586,\"caption\":\"Autosphere\"},\"image\":{\"@id\":\"https:\\\/\\\/autosphere.ca\\\/fr\\\/#\\\/schema\\\/logo\\\/image\\\/\"},\"sameAs\":[\"https:\\\/\\\/www.facebook.com\\\/autosphere.ca\",\"https:\\\/\\\/x.com\\\/autosphere_ca\",\"https:\\\/\\\/www.linkedin.com\\\/company\\\/autosphere-en\"]},{\"@type\":\"Person\",\"@id\":\"https:\\\/\\\/autosphere.ca\\\/fr\\\/#\\\/schema\\\/person\\\/87fe5915939ed2a1ddda6f161fba645d\",\"name\":\"Michel Beaunoyer\",\"image\":{\"@type\":\"ImageObject\",\"inLanguage\":\"fr-FR\",\"@id\":\"https:\\\/\\\/autosphere.ca\\\/wp-content\\\/uploads\\\/2025\\\/07\\\/Michel-Beaunoyer-96x96.jpg\",\"url\":\"https:\\\/\\\/autosphere.ca\\\/wp-content\\\/uploads\\\/2025\\\/07\\\/Michel-Beaunoyer-96x96.jpg\",\"contentUrl\":\"https:\\\/\\\/autosphere.ca\\\/wp-content\\\/uploads\\\/2025\\\/07\\\/Michel-Beaunoyer-96x96.jpg\",\"caption\":\"Michel Beaunoyer\"},\"description\":\"Michel Beaunoyer est R\u00e9dacteur en chef principal. Il supervise le d\u00e9partement \u00e9ditorial en plus de contribuer \u00e0 la production d\u2019articles pour l\u2019ensemble des magazines. Michel Beaunoyer is the Senior Editor. He oversees the editorial department and also contributes to article production for all the magazines.\",\"sameAs\":[\"https:\\\/\\\/autosphere.ca\"],\"url\":\"https:\\\/\\\/autosphere.ca\\\/fr\\\/author\\\/michelbeaunoyer\\\/\"}]}<\/script>\n<!-- \/ Yoast SEO Premium plugin. -->","yoast_head_json":{"title":"Autosphere sur place \u00e0 Automechanika de Francfort - Autosphere","description":"Du 8 au 12 septembre, se d\u00e9roule \u00e0 Francfort en Allemagne, le colossal salon du march\u00e9 secondaire automobile Automechanika. Durant une semaine, quelque 4500 exposants venus de 80 pays profiteront de cette vitrine reconnue pour montrer leurs...","robots":{"index":"index","follow":"follow","max-snippet":"max-snippet:-1","max-image-preview":"max-image-preview:large","max-video-preview":"max-video-preview:-1"},"canonical":"https:\/\/autosphere.ca\/fr\/mecanique\/2026\/09\/01\/autosphere-sur-place-a-automechanika-de-francfort\/","og_locale":"fr_FR","og_type":"article","og_title":"Autosphere sur place \u00e0 Automechanika de Francfort","og_description":"Du 8 au 12 septembre, se d\u00e9roule \u00e0 Francfort en Allemagne, le colossal salon du march\u00e9 secondaire automobile Automechanika. Durant une semaine, quelque 4500 exposants venus de 80 pays profiteront de cette vitrine reconnue pour montrer leurs...","og_url":"https:\/\/autosphere.ca\/fr\/mecanique\/2026\/09\/01\/autosphere-sur-place-a-automechanika-de-francfort\/","og_site_name":"Autosphere","article_publisher":"https:\/\/www.facebook.com\/autosphere.ca","article_published_time":"2026-09-01T14:07:43+00:00","article_modified_time":"2026-09-01T14:16:30+00:00","og_image":[{"width":758,"height":585,"url":"https:\/\/autosphere.ca\/wp-content\/uploads\/2026\/09\/AAA-9.jpg","type":"image\/jpeg"}],"author":"Michel Beaunoyer","twitter_card":"summary_large_image","twitter_creator":"@autosphere_ca","twitter_site":"@autosphere_ca","twitter_misc":{"\u00c9crit par":"Michel Beaunoyer","Dur\u00e9e de lecture estim\u00e9e":"1 minute"},"schema":{"@context":"https:\/\/schema.org","@graph":[{"@type":"Article","@id":"https:\/\/autosphere.ca\/fr\/mecanique\/2026\/09\/01\/autosphere-sur-place-a-automechanika-de-francfort\/#article","isPartOf":{"@id":"https:\/\/autosphere.ca\/fr\/mecanique\/2026\/09\/01\/autosphere-sur-place-a-automechanika-de-francfort\/"},"author":{"name":"Michel Beaunoyer","@id":"https:\/\/autosphere.ca\/fr\/#\/schema\/person\/87fe5915939ed2a1ddda6f161fba645d"},"headline":"Autosphere sur place \u00e0 Automechanika de Francfort","datePublished":"2026-09-01T14:07:43+00:00","dateModified":"2026-09-01T14:16:30+00:00","mainEntityOfPage":{"@id":"https:\/\/autosphere.ca\/fr\/mecanique\/2026\/09\/01\/autosphere-sur-place-a-automechanika-de-francfort\/"},"wordCount":195,"publisher":{"@id":"https:\/\/autosphere.ca\/fr\/#organization"},"image":{"@id":"https:\/\/autosphere.ca\/fr\/mecanique\/2026\/09\/01\/autosphere-sur-place-a-automechanika-de-francfort\/#primaryimage"},"thumbnailUrl":"https:\/\/autosphere.ca\/wp-content\/uploads\/2026\/09\/AAA-9.jpg","keywords":["AutoMechanika"],"articleSection":["\u00c9ditorial","M\u00e9canique"],"inLanguage":"fr-FR","copyrightYear":"2026","copyrightHolder":{"@id":"https:\/\/autosphere.ca\/#organization"}},{"@type":"WebPage","@id":"https:\/\/autosphere.ca\/fr\/mecanique\/2026\/09\/01\/autosphere-sur-place-a-automechanika-de-francfort\/","url":"https:\/\/autosphere.ca\/fr\/mecanique\/2026\/09\/01\/autosphere-sur-place-a-automechanika-de-francfort\/","name":"Autosphere sur place \u00e0 Automechanika de Francfort - Autosphere","isPartOf":{"@id":"https:\/\/autosphere.ca\/fr\/#website"},"primaryImageOfPage":{"@id":"https:\/\/autosphere.ca\/fr\/mecanique\/2026\/09\/01\/autosphere-sur-place-a-automechanika-de-francfort\/#primaryimage"},"image":{"@id":"https:\/\/autosphere.ca\/fr\/mecanique\/2026\/09\/01\/autosphere-sur-place-a-automechanika-de-francfort\/#primaryimage"},"thumbnailUrl":"https:\/\/autosphere.ca\/wp-content\/uploads\/2026\/09\/AAA-9.jpg","datePublished":"2026-09-01T14:07:43+00:00","dateModified":"2026-09-01T14:16:30+00:00","description":"Du 8 au 12 septembre, se d\u00e9roule \u00e0 Francfort en Allemagne, le colossal salon du march\u00e9 secondaire automobile Automechanika. Durant une semaine, quelque 4500 exposants venus de 80 pays profiteront de cette vitrine reconnue pour montrer leurs...","breadcrumb":{"@id":"https:\/\/autosphere.ca\/fr\/mecanique\/2026\/09\/01\/autosphere-sur-place-a-automechanika-de-francfort\/#breadcrumb"},"inLanguage":"fr-FR","potentialAction":[{"@type":"ReadAction","target":["https:\/\/autosphere.ca\/fr\/mecanique\/2026\/09\/01\/autosphere-sur-place-a-automechanika-de-francfort\/"]}]},{"@type":"ImageObject","inLanguage":"fr-FR","@id":"https:\/\/autosphere.ca\/fr\/mecanique\/2026\/09\/01\/autosphere-sur-place-a-automechanika-de-francfort\/#primaryimage","url":"https:\/\/autosphere.ca\/wp-content\/uploads\/2026\/09\/AAA-9.jpg","contentUrl":"https:\/\/autosphere.ca\/wp-content\/uploads\/2026\/09\/AAA-9.jpg","width":758,"height":585},{"@type":"BreadcrumbList","@id":"https:\/\/autosphere.ca\/fr\/mecanique\/2026\/09\/01\/autosphere-sur-place-a-automechanika-de-francfort\/#breadcrumb","itemListElement":[{"@type":"ListItem","position":1,"name":"Autosphere","item":"https:\/\/autosphere.ca\/fr\/"},{"@type":"ListItem","position":2,"name":"M\u00e9canique","item":"https:\/\/autosphere.ca\/fr\/category\/mecanique\/"},{"@type":"ListItem","position":3,"name":"Autosphere sur place \u00e0 Automechanika de Francfort"}]},{"@type":"WebSite","@id":"https:\/\/autosphere.ca\/fr\/#website","url":"https:\/\/autosphere.ca\/fr\/","name":"Autosphere","description":"Articles et nouvelles de l&#039;industrie automobile","publisher":{"@id":"https:\/\/autosphere.ca\/fr\/#organization"},"potentialAction":[{"@type":"SearchAction","target":{"@type":"EntryPoint","urlTemplate":"https:\/\/autosphere.ca\/fr\/?s={search_term_string}"},"query-input":{"@type":"PropertyValueSpecification","valueRequired":true,"valueName":"search_term_string"}}],"inLanguage":"fr-FR"},{"@type":"Organization","@id":"https:\/\/autosphere.ca\/fr\/#organization","name":"Autosphere","url":"https:\/\/autosphere.ca\/fr\/","logo":{"@type":"ImageObject","inLanguage":"fr-FR","@id":"https:\/\/autosphere.ca\/fr\/#\/schema\/logo\/image\/","url":"https:\/\/autosphere.ca\/wp-content\/uploads\/2021\/06\/AutosphereLogo-SM.png","contentUrl":"https:\/\/autosphere.ca\/wp-content\/uploads\/2021\/06\/AutosphereLogo-SM.png","width":586,"height":586,"caption":"Autosphere"},"image":{"@id":"https:\/\/autosphere.ca\/fr\/#\/schema\/logo\/image\/"},"sameAs":["https:\/\/www.facebook.com\/autosphere.ca","https:\/\/x.com\/autosphere_ca","https:\/\/www.linkedin.com\/company\/autosphere-en"]},{"@type":"Person","@id":"https:\/\/autosphere.ca\/fr\/#\/schema\/person\/87fe5915939ed2a1ddda6f161fba645d","name":"Michel Beaunoyer","image":{"@type":"ImageObject","inLanguage":"fr-FR","@id":"https:\/\/autosphere.ca\/wp-content\/uploads\/2025\/07\/Michel-Beaunoyer-96x96.jpg","url":"https:\/\/autosphere.ca\/wp-content\/uploads\/2025\/07\/Michel-Beaunoyer-96x96.jpg","contentUrl":"https:\/\/autosphere.ca\/wp-content\/uploads\/2025\/07\/Michel-Beaunoyer-96x96.jpg","caption":"Michel Beaunoyer"},"description":"Michel Beaunoyer est R\u00e9dacteur en chef principal. Il supervise le d\u00e9partement \u00e9ditorial en plus de contribuer \u00e0 la production d\u2019articles pour l\u2019ensemble des magazines. Michel Beaunoyer is the Senior Editor. He oversees the editorial department and also contributes to article production for all the magazines.","sameAs":["https:\/\/autosphere.ca"],"url":"https:\/\/autosphere.ca\/fr\/author\/michelbeaunoyer\/"}]}},"_links":{"self":[{"href":"https:\/\/autosphere.ca\/fr\/wp-json\/wp\/v2\/posts\/462930","targetHints":{"allow":["GET"]}}],"collection":[{"href":"https:\/\/autosphere.ca\/fr\/wp-json\/wp\/v2\/posts"}],"about":[{"href":"https:\/\/autosphere.ca\/fr\/wp-json\/wp\/v2\/types\/post"}],"author":[{"embeddable":true,"href":"https:\/\/autosphere.ca\/fr\/wp-json\/wp\/v2\/users\/41"}],"replies":[{"embeddable":true,"href":"https:\/\/autosphere.ca\/fr\/wp-json\/wp\/v2\/comments?post=462930"}],"version-history":[{"count":3,"href":"https:\/\/autosphere.ca\/fr\/wp-json\/wp\/v2\/posts\/462930\/revisions"}],"predecessor-version":[{"id":462946,"href":"https:\/\/autosphere.ca\/fr\/wp-json\/wp\/v2\/posts\/462930\/revisions\/462946"}],"wp:featuredmedia":[{"embeddable":true,"href":"https:\/\/autosphere.ca\/fr\/wp-json\/wp\/v2\/media\/462933"}],"wp:attachment":[{"href":"https:\/\/autosphere.ca\/fr\/wp-json\/wp\/v2\/media?parent=462930"}],"wp:term":[{"taxonomy":"category","embeddable":true,"href":"https:\/\/autosphere.ca\/fr\/wp-json\/wp\/v2\/categories?post=462930"},{"taxonomy":"post_tag","embeddable":true,"href":"https:\/\/autosphere.ca\/fr\/wp-json\/wp\/v2\/tags?post=462930"}],"curies":[{"name":"wp","href":"https:\/\/api.w.org\/{rel}","templated":true}]}}