{"id":462923,"date":"2026-09-01T09:52:42","date_gmt":"2026-09-01T13:52:42","guid":{"rendered":"https:\/\/autosphere.ca\/?p=462923"},"modified":"2026-09-01T09:52:42","modified_gmt":"2026-09-01T13:52:42","slug":"lexus-reserve-350-unites-de-sa-berline-is-anniversaire","status":"publish","type":"post","link":"https:\/\/autosphere.ca\/fr\/concessionnaires\/2026\/09\/01\/lexus-reserve-350-unites-de-sa-berline-is-anniversaire\/","title":{"rendered":"Lexus r\u00e9serve 350 unit\u00e9s de sa berline IS anniversaire"},"content":{"rendered":"<p dir=\"ltr\"><strong>Pour souligner le 25e anniversaire de sa berline sport, Lexus r\u00e9serve un contingent exclusif de 350 unit\u00e9s \u00e0 l&rsquo;Am\u00e9rique du Nord.<\/strong><\/p>\n<p dir=\"ltr\"><span>Lexus Canada a d\u00e9voil\u00e9 l&rsquo;\u00e9dition <\/span><em>Special Appearance Package<\/em><span> de la Lexus IS 2027, con\u00e7ue pour marquer le 25e anniversaire du mod\u00e8le sur le march\u00e9. Bas\u00e9e sur la version IS 350 F SPORT, cette \u00e9dition se distingue par sa teinte ext\u00e9rieure exclusive <\/span><em>Vert Circuit<\/em><span>, ses jantes forg\u00e9es BBS de 19 pouces noires et ses si\u00e8ges NuLuxe rehauss\u00e9s de surpiq\u00fbres vertes.\u00a0<\/span><\/p>\n<p dir=\"ltr\"><span>Pour les directeurs de ventes et les concessionnaires Lexus au Canada, cette d\u00e9clinaison offre un levier d&rsquo;exclusivit\u00e9 \u00e9lev\u00e9 dans le segment des berlines de luxe compactes. Sous le capot, le v\u00e9hicule conserve le moteur V6 atmosph\u00e9rique de 3,5 litres de 311 chevaux, associ\u00e9 \u00e0 une bo\u00eete automatique \u00e0 six rapports et \u00e0 la traction int\u00e9grale de s\u00e9rie pour le march\u00e9 canadien.\u00a0<\/span><\/p>\n<p dir=\"ltr\"><span>L&rsquo;\u00e9quipement de s\u00e9rie int\u00e8gre la suspension variable adaptative, l&rsquo;assistance en embouteillage, le syst\u00e8me audio Mark Levinson et le moniteur \u00e0 vue panoramique. La version <\/span><em>Special Appearance Package<\/em><span> de la Lexus IS 2027 arrivera dans les concessions canadiennes d&rsquo;ici la fin de l&rsquo;ann\u00e9e, les prix d\u00e9taill\u00e9s devant \u00eatre annonc\u00e9s sous peu.<\/span><\/p>\n","protected":false},"excerpt":{"rendered":"<p>Pour souligner le 25e anniversaire de sa berline sport, Lexus r\u00e9serve un contingent exclusif de 350 unit\u00e9s \u00e0 l&rsquo;Am\u00e9rique du Nord. Lexus Canada a d\u00e9voil\u00e9 l&rsquo;\u00e9dition Special Appearance Package de la Lexus IS 2027, con\u00e7ue pour marquer le 25e anniversaire du mod\u00e8le sur le march\u00e9. Bas\u00e9e sur la version IS 350 F SPORT, cette \u00e9dition&#8230;<\/p>\n","protected":false},"author":526,"featured_media":462924,"comment_status":"closed","ping_status":"open","sticky":false,"template":"","format":"standard","meta":{"_acf_changed":false,"footnotes":""},"categories":[823,646],"tags":[1007],"class_list":["post-462923","post","type-post","status-publish","format-standard","has-post-thumbnail","hentry","category-concessionnaires-communique","category-concessionnaires","tag-lexus-fr"],"acf":[],"yoast_head":"<!-- This site is optimized with the Yoast SEO Premium plugin v27.7 (Yoast SEO v27.7) - https:\/\/yoast.com\/product\/yoast-seo-premium-wordpress\/ -->\n<title>Lexus r\u00e9serve 350 unit\u00e9s de sa berline IS anniversaire - Autosphere<\/title>\n<meta name=\"description\" content=\"Pour souligner le 25e anniversaire de sa berline sport, Lexus r\u00e9serve un contingent exclusif de 350 unit\u00e9s \u00e0 l&#039;Am\u00e9rique du Nord.\" \/>\n<meta name=\"robots\" content=\"index, follow, max-snippet:-1, max-image-preview:large, max-video-preview:-1\" \/>\n<link rel=\"canonical\" href=\"https:\/\/autosphere.ca\/fr\/concessionnaires\/2026\/09\/01\/lexus-reserve-350-unites-de-sa-berline-is-anniversaire\/\" \/>\n<meta property=\"og:locale\" content=\"fr_FR\" \/>\n<meta property=\"og:type\" content=\"article\" \/>\n<meta property=\"og:title\" content=\"Lexus r\u00e9serve 350 unit\u00e9s de sa berline IS anniversaire\" \/>\n<meta property=\"og:description\" content=\"Pour souligner le 25e anniversaire de sa berline sport, Lexus r\u00e9serve un contingent exclusif de 350 unit\u00e9s \u00e0 l&#039;Am\u00e9rique du Nord.\" \/>\n<meta property=\"og:url\" content=\"https:\/\/autosphere.ca\/fr\/concessionnaires\/2026\/09\/01\/lexus-reserve-350-unites-de-sa-berline-is-anniversaire\/\" \/>\n<meta property=\"og:site_name\" content=\"Autosphere\" \/>\n<meta property=\"article:publisher\" content=\"https:\/\/www.facebook.com\/autosphere.ca\" \/>\n<meta property=\"article:published_time\" content=\"2026-09-01T13:52:42+00:00\" \/>\n<meta property=\"og:image\" content=\"https:\/\/autosphere.ca\/wp-content\/uploads\/2026\/09\/AAA-7.jpg\" \/>\n\t<meta property=\"og:image:width\" content=\"758\" \/>\n\t<meta property=\"og:image:height\" content=\"585\" \/>\n\t<meta property=\"og:image:type\" content=\"image\/jpeg\" \/>\n<meta name=\"author\" content=\"Autosphere\" \/>\n<meta name=\"twitter:card\" content=\"summary_large_image\" \/>\n<meta name=\"twitter:creator\" content=\"@autosphere_ca\" \/>\n<meta name=\"twitter:site\" content=\"@autosphere_ca\" \/>\n<meta name=\"twitter:label1\" content=\"\u00c9crit par\" \/>\n\t<meta name=\"twitter:data1\" content=\"Autosphere\" \/>\n\t<meta name=\"twitter:label2\" content=\"Dur\u00e9e de lecture estim\u00e9e\" \/>\n\t<meta name=\"twitter:data2\" content=\"2 minutes\" \/>\n<script type=\"application\/ld+json\" class=\"yoast-schema-graph\">{\"@context\":\"https:\\\/\\\/schema.org\",\"@graph\":[{\"@type\":\"Article\",\"@id\":\"https:\\\/\\\/autosphere.ca\\\/fr\\\/concessionnaires\\\/2026\\\/09\\\/01\\\/lexus-reserve-350-unites-de-sa-berline-is-anniversaire\\\/#article\",\"isPartOf\":{\"@id\":\"https:\\\/\\\/autosphere.ca\\\/fr\\\/concessionnaires\\\/2026\\\/09\\\/01\\\/lexus-reserve-350-unites-de-sa-berline-is-anniversaire\\\/\"},\"author\":{\"name\":\"Autosphere\",\"@id\":\"https:\\\/\\\/autosphere.ca\\\/fr\\\/#\\\/schema\\\/person\\\/ff9c09c47127ce21917a66cfc3eec193\"},\"headline\":\"Lexus r\u00e9serve 350 unit\u00e9s de sa berline IS anniversaire\",\"datePublished\":\"2026-09-01T13:52:42+00:00\",\"mainEntityOfPage\":{\"@id\":\"https:\\\/\\\/autosphere.ca\\\/fr\\\/concessionnaires\\\/2026\\\/09\\\/01\\\/lexus-reserve-350-unites-de-sa-berline-is-anniversaire\\\/\"},\"wordCount\":221,\"publisher\":{\"@id\":\"https:\\\/\\\/autosphere.ca\\\/fr\\\/#organization\"},\"image\":{\"@id\":\"https:\\\/\\\/autosphere.ca\\\/fr\\\/concessionnaires\\\/2026\\\/09\\\/01\\\/lexus-reserve-350-unites-de-sa-berline-is-anniversaire\\\/#primaryimage\"},\"thumbnailUrl\":\"https:\\\/\\\/autosphere.ca\\\/wp-content\\\/uploads\\\/2026\\\/09\\\/AAA-7.jpg\",\"keywords\":[\"Lexus\"],\"articleSection\":[\"Communiqu\u00e9 de presse\",\"Concessionnaires\"],\"inLanguage\":\"fr-FR\",\"copyrightYear\":\"2026\",\"copyrightHolder\":{\"@id\":\"https:\\\/\\\/autosphere.ca\\\/#organization\"}},{\"@type\":\"WebPage\",\"@id\":\"https:\\\/\\\/autosphere.ca\\\/fr\\\/concessionnaires\\\/2026\\\/09\\\/01\\\/lexus-reserve-350-unites-de-sa-berline-is-anniversaire\\\/\",\"url\":\"https:\\\/\\\/autosphere.ca\\\/fr\\\/concessionnaires\\\/2026\\\/09\\\/01\\\/lexus-reserve-350-unites-de-sa-berline-is-anniversaire\\\/\",\"name\":\"Lexus r\u00e9serve 350 unit\u00e9s de sa berline IS anniversaire - Autosphere\",\"isPartOf\":{\"@id\":\"https:\\\/\\\/autosphere.ca\\\/fr\\\/#website\"},\"primaryImageOfPage\":{\"@id\":\"https:\\\/\\\/autosphere.ca\\\/fr\\\/concessionnaires\\\/2026\\\/09\\\/01\\\/lexus-reserve-350-unites-de-sa-berline-is-anniversaire\\\/#primaryimage\"},\"image\":{\"@id\":\"https:\\\/\\\/autosphere.ca\\\/fr\\\/concessionnaires\\\/2026\\\/09\\\/01\\\/lexus-reserve-350-unites-de-sa-berline-is-anniversaire\\\/#primaryimage\"},\"thumbnailUrl\":\"https:\\\/\\\/autosphere.ca\\\/wp-content\\\/uploads\\\/2026\\\/09\\\/AAA-7.jpg\",\"datePublished\":\"2026-09-01T13:52:42+00:00\",\"description\":\"Pour souligner le 25e anniversaire de sa berline sport, Lexus r\u00e9serve un contingent exclusif de 350 unit\u00e9s \u00e0 l'Am\u00e9rique du Nord.\",\"breadcrumb\":{\"@id\":\"https:\\\/\\\/autosphere.ca\\\/fr\\\/concessionnaires\\\/2026\\\/09\\\/01\\\/lexus-reserve-350-unites-de-sa-berline-is-anniversaire\\\/#breadcrumb\"},\"inLanguage\":\"fr-FR\",\"potentialAction\":[{\"@type\":\"ReadAction\",\"target\":[\"https:\\\/\\\/autosphere.ca\\\/fr\\\/concessionnaires\\\/2026\\\/09\\\/01\\\/lexus-reserve-350-unites-de-sa-berline-is-anniversaire\\\/\"]}]},{\"@type\":\"ImageObject\",\"inLanguage\":\"fr-FR\",\"@id\":\"https:\\\/\\\/autosphere.ca\\\/fr\\\/concessionnaires\\\/2026\\\/09\\\/01\\\/lexus-reserve-350-unites-de-sa-berline-is-anniversaire\\\/#primaryimage\",\"url\":\"https:\\\/\\\/autosphere.ca\\\/wp-content\\\/uploads\\\/2026\\\/09\\\/AAA-7.jpg\",\"contentUrl\":\"https:\\\/\\\/autosphere.ca\\\/wp-content\\\/uploads\\\/2026\\\/09\\\/AAA-7.jpg\",\"width\":758,\"height\":585},{\"@type\":\"BreadcrumbList\",\"@id\":\"https:\\\/\\\/autosphere.ca\\\/fr\\\/concessionnaires\\\/2026\\\/09\\\/01\\\/lexus-reserve-350-unites-de-sa-berline-is-anniversaire\\\/#breadcrumb\",\"itemListElement\":[{\"@type\":\"ListItem\",\"position\":1,\"name\":\"Autosphere\",\"item\":\"https:\\\/\\\/autosphere.ca\\\/fr\\\/\"},{\"@type\":\"ListItem\",\"position\":2,\"name\":\"Concessionnaires\",\"item\":\"https:\\\/\\\/autosphere.ca\\\/fr\\\/category\\\/concessionnaires\\\/\"},{\"@type\":\"ListItem\",\"position\":3,\"name\":\"Lexus r\u00e9serve 350 unit\u00e9s de sa berline IS anniversaire\"}]},{\"@type\":\"WebSite\",\"@id\":\"https:\\\/\\\/autosphere.ca\\\/fr\\\/#website\",\"url\":\"https:\\\/\\\/autosphere.ca\\\/fr\\\/\",\"name\":\"Autosphere\",\"description\":\"Articles et nouvelles de l&#039;industrie automobile\",\"publisher\":{\"@id\":\"https:\\\/\\\/autosphere.ca\\\/fr\\\/#organization\"},\"potentialAction\":[{\"@type\":\"SearchAction\",\"target\":{\"@type\":\"EntryPoint\",\"urlTemplate\":\"https:\\\/\\\/autosphere.ca\\\/fr\\\/?s={search_term_string}\"},\"query-input\":{\"@type\":\"PropertyValueSpecification\",\"valueRequired\":true,\"valueName\":\"search_term_string\"}}],\"inLanguage\":\"fr-FR\"},{\"@type\":\"Organization\",\"@id\":\"https:\\\/\\\/autosphere.ca\\\/fr\\\/#organization\",\"name\":\"Autosphere\",\"url\":\"https:\\\/\\\/autosphere.ca\\\/fr\\\/\",\"logo\":{\"@type\":\"ImageObject\",\"inLanguage\":\"fr-FR\",\"@id\":\"https:\\\/\\\/autosphere.ca\\\/fr\\\/#\\\/schema\\\/logo\\\/image\\\/\",\"url\":\"https:\\\/\\\/autosphere.ca\\\/wp-content\\\/uploads\\\/2021\\\/06\\\/AutosphereLogo-SM.png\",\"contentUrl\":\"https:\\\/\\\/autosphere.ca\\\/wp-content\\\/uploads\\\/2021\\\/06\\\/AutosphereLogo-SM.png\",\"width\":586,\"height\":586,\"caption\":\"Autosphere\"},\"image\":{\"@id\":\"https:\\\/\\\/autosphere.ca\\\/fr\\\/#\\\/schema\\\/logo\\\/image\\\/\"},\"sameAs\":[\"https:\\\/\\\/www.facebook.com\\\/autosphere.ca\",\"https:\\\/\\\/x.com\\\/autosphere_ca\",\"https:\\\/\\\/www.linkedin.com\\\/company\\\/autosphere-en\"]},{\"@type\":\"Person\",\"@id\":\"https:\\\/\\\/autosphere.ca\\\/fr\\\/#\\\/schema\\\/person\\\/ff9c09c47127ce21917a66cfc3eec193\",\"name\":\"Autosphere\",\"image\":{\"@type\":\"ImageObject\",\"inLanguage\":\"fr-FR\",\"@id\":\"https:\\\/\\\/secure.gravatar.com\\\/avatar\\\/7902cacedf6834a87d945093aa200ff224945e9d18489bcd83ab0447f70000be?s=96&d=mm&r=g\",\"url\":\"https:\\\/\\\/secure.gravatar.com\\\/avatar\\\/7902cacedf6834a87d945093aa200ff224945e9d18489bcd83ab0447f70000be?s=96&d=mm&r=g\",\"contentUrl\":\"https:\\\/\\\/secure.gravatar.com\\\/avatar\\\/7902cacedf6834a87d945093aa200ff224945e9d18489bcd83ab0447f70000be?s=96&d=mm&r=g\",\"caption\":\"Autosphere\"},\"url\":\"https:\\\/\\\/autosphere.ca\\\/fr\\\/author\\\/janick-murray-hall\\\/\"}]}<\/script>\n<!-- \/ Yoast SEO Premium plugin. -->","yoast_head_json":{"title":"Lexus r\u00e9serve 350 unit\u00e9s de sa berline IS anniversaire - Autosphere","description":"Pour souligner le 25e anniversaire de sa berline sport, Lexus r\u00e9serve un contingent exclusif de 350 unit\u00e9s \u00e0 l'Am\u00e9rique du Nord.","robots":{"index":"index","follow":"follow","max-snippet":"max-snippet:-1","max-image-preview":"max-image-preview:large","max-video-preview":"max-video-preview:-1"},"canonical":"https:\/\/autosphere.ca\/fr\/concessionnaires\/2026\/09\/01\/lexus-reserve-350-unites-de-sa-berline-is-anniversaire\/","og_locale":"fr_FR","og_type":"article","og_title":"Lexus r\u00e9serve 350 unit\u00e9s de sa berline IS anniversaire","og_description":"Pour souligner le 25e anniversaire de sa berline sport, Lexus r\u00e9serve un contingent exclusif de 350 unit\u00e9s \u00e0 l'Am\u00e9rique du Nord.","og_url":"https:\/\/autosphere.ca\/fr\/concessionnaires\/2026\/09\/01\/lexus-reserve-350-unites-de-sa-berline-is-anniversaire\/","og_site_name":"Autosphere","article_publisher":"https:\/\/www.facebook.com\/autosphere.ca","article_published_time":"2026-09-01T13:52:42+00:00","og_image":[{"width":758,"height":585,"url":"https:\/\/autosphere.ca\/wp-content\/uploads\/2026\/09\/AAA-7.jpg","type":"image\/jpeg"}],"author":"Autosphere","twitter_card":"summary_large_image","twitter_creator":"@autosphere_ca","twitter_site":"@autosphere_ca","twitter_misc":{"\u00c9crit par":"Autosphere","Dur\u00e9e de lecture estim\u00e9e":"2 minutes"},"schema":{"@context":"https:\/\/schema.org","@graph":[{"@type":"Article","@id":"https:\/\/autosphere.ca\/fr\/concessionnaires\/2026\/09\/01\/lexus-reserve-350-unites-de-sa-berline-is-anniversaire\/#article","isPartOf":{"@id":"https:\/\/autosphere.ca\/fr\/concessionnaires\/2026\/09\/01\/lexus-reserve-350-unites-de-sa-berline-is-anniversaire\/"},"author":{"name":"Autosphere","@id":"https:\/\/autosphere.ca\/fr\/#\/schema\/person\/ff9c09c47127ce21917a66cfc3eec193"},"headline":"Lexus r\u00e9serve 350 unit\u00e9s de sa berline IS anniversaire","datePublished":"2026-09-01T13:52:42+00:00","mainEntityOfPage":{"@id":"https:\/\/autosphere.ca\/fr\/concessionnaires\/2026\/09\/01\/lexus-reserve-350-unites-de-sa-berline-is-anniversaire\/"},"wordCount":221,"publisher":{"@id":"https:\/\/autosphere.ca\/fr\/#organization"},"image":{"@id":"https:\/\/autosphere.ca\/fr\/concessionnaires\/2026\/09\/01\/lexus-reserve-350-unites-de-sa-berline-is-anniversaire\/#primaryimage"},"thumbnailUrl":"https:\/\/autosphere.ca\/wp-content\/uploads\/2026\/09\/AAA-7.jpg","keywords":["Lexus"],"articleSection":["Communiqu\u00e9 de presse","Concessionnaires"],"inLanguage":"fr-FR","copyrightYear":"2026","copyrightHolder":{"@id":"https:\/\/autosphere.ca\/#organization"}},{"@type":"WebPage","@id":"https:\/\/autosphere.ca\/fr\/concessionnaires\/2026\/09\/01\/lexus-reserve-350-unites-de-sa-berline-is-anniversaire\/","url":"https:\/\/autosphere.ca\/fr\/concessionnaires\/2026\/09\/01\/lexus-reserve-350-unites-de-sa-berline-is-anniversaire\/","name":"Lexus r\u00e9serve 350 unit\u00e9s de sa berline IS anniversaire - Autosphere","isPartOf":{"@id":"https:\/\/autosphere.ca\/fr\/#website"},"primaryImageOfPage":{"@id":"https:\/\/autosphere.ca\/fr\/concessionnaires\/2026\/09\/01\/lexus-reserve-350-unites-de-sa-berline-is-anniversaire\/#primaryimage"},"image":{"@id":"https:\/\/autosphere.ca\/fr\/concessionnaires\/2026\/09\/01\/lexus-reserve-350-unites-de-sa-berline-is-anniversaire\/#primaryimage"},"thumbnailUrl":"https:\/\/autosphere.ca\/wp-content\/uploads\/2026\/09\/AAA-7.jpg","datePublished":"2026-09-01T13:52:42+00:00","description":"Pour souligner le 25e anniversaire de sa berline sport, Lexus r\u00e9serve un contingent exclusif de 350 unit\u00e9s \u00e0 l'Am\u00e9rique du Nord.","breadcrumb":{"@id":"https:\/\/autosphere.ca\/fr\/concessionnaires\/2026\/09\/01\/lexus-reserve-350-unites-de-sa-berline-is-anniversaire\/#breadcrumb"},"inLanguage":"fr-FR","potentialAction":[{"@type":"ReadAction","target":["https:\/\/autosphere.ca\/fr\/concessionnaires\/2026\/09\/01\/lexus-reserve-350-unites-de-sa-berline-is-anniversaire\/"]}]},{"@type":"ImageObject","inLanguage":"fr-FR","@id":"https:\/\/autosphere.ca\/fr\/concessionnaires\/2026\/09\/01\/lexus-reserve-350-unites-de-sa-berline-is-anniversaire\/#primaryimage","url":"https:\/\/autosphere.ca\/wp-content\/uploads\/2026\/09\/AAA-7.jpg","contentUrl":"https:\/\/autosphere.ca\/wp-content\/uploads\/2026\/09\/AAA-7.jpg","width":758,"height":585},{"@type":"BreadcrumbList","@id":"https:\/\/autosphere.ca\/fr\/concessionnaires\/2026\/09\/01\/lexus-reserve-350-unites-de-sa-berline-is-anniversaire\/#breadcrumb","itemListElement":[{"@type":"ListItem","position":1,"name":"Autosphere","item":"https:\/\/autosphere.ca\/fr\/"},{"@type":"ListItem","position":2,"name":"Concessionnaires","item":"https:\/\/autosphere.ca\/fr\/category\/concessionnaires\/"},{"@type":"ListItem","position":3,"name":"Lexus r\u00e9serve 350 unit\u00e9s de sa berline IS anniversaire"}]},{"@type":"WebSite","@id":"https:\/\/autosphere.ca\/fr\/#website","url":"https:\/\/autosphere.ca\/fr\/","name":"Autosphere","description":"Articles et nouvelles de l&#039;industrie automobile","publisher":{"@id":"https:\/\/autosphere.ca\/fr\/#organization"},"potentialAction":[{"@type":"SearchAction","target":{"@type":"EntryPoint","urlTemplate":"https:\/\/autosphere.ca\/fr\/?s={search_term_string}"},"query-input":{"@type":"PropertyValueSpecification","valueRequired":true,"valueName":"search_term_string"}}],"inLanguage":"fr-FR"},{"@type":"Organization","@id":"https:\/\/autosphere.ca\/fr\/#organization","name":"Autosphere","url":"https:\/\/autosphere.ca\/fr\/","logo":{"@type":"ImageObject","inLanguage":"fr-FR","@id":"https:\/\/autosphere.ca\/fr\/#\/schema\/logo\/image\/","url":"https:\/\/autosphere.ca\/wp-content\/uploads\/2021\/06\/AutosphereLogo-SM.png","contentUrl":"https:\/\/autosphere.ca\/wp-content\/uploads\/2021\/06\/AutosphereLogo-SM.png","width":586,"height":586,"caption":"Autosphere"},"image":{"@id":"https:\/\/autosphere.ca\/fr\/#\/schema\/logo\/image\/"},"sameAs":["https:\/\/www.facebook.com\/autosphere.ca","https:\/\/x.com\/autosphere_ca","https:\/\/www.linkedin.com\/company\/autosphere-en"]},{"@type":"Person","@id":"https:\/\/autosphere.ca\/fr\/#\/schema\/person\/ff9c09c47127ce21917a66cfc3eec193","name":"Autosphere","image":{"@type":"ImageObject","inLanguage":"fr-FR","@id":"https:\/\/secure.gravatar.com\/avatar\/7902cacedf6834a87d945093aa200ff224945e9d18489bcd83ab0447f70000be?s=96&d=mm&r=g","url":"https:\/\/secure.gravatar.com\/avatar\/7902cacedf6834a87d945093aa200ff224945e9d18489bcd83ab0447f70000be?s=96&d=mm&r=g","contentUrl":"https:\/\/secure.gravatar.com\/avatar\/7902cacedf6834a87d945093aa200ff224945e9d18489bcd83ab0447f70000be?s=96&d=mm&r=g","caption":"Autosphere"},"url":"https:\/\/autosphere.ca\/fr\/author\/janick-murray-hall\/"}]}},"_links":{"self":[{"href":"https:\/\/autosphere.ca\/fr\/wp-json\/wp\/v2\/posts\/462923","targetHints":{"allow":["GET"]}}],"collection":[{"href":"https:\/\/autosphere.ca\/fr\/wp-json\/wp\/v2\/posts"}],"about":[{"href":"https:\/\/autosphere.ca\/fr\/wp-json\/wp\/v2\/types\/post"}],"author":[{"embeddable":true,"href":"https:\/\/autosphere.ca\/fr\/wp-json\/wp\/v2\/users\/526"}],"replies":[{"embeddable":true,"href":"https:\/\/autosphere.ca\/fr\/wp-json\/wp\/v2\/comments?post=462923"}],"version-history":[{"count":1,"href":"https:\/\/autosphere.ca\/fr\/wp-json\/wp\/v2\/posts\/462923\/revisions"}],"predecessor-version":[{"id":462926,"href":"https:\/\/autosphere.ca\/fr\/wp-json\/wp\/v2\/posts\/462923\/revisions\/462926"}],"wp:featuredmedia":[{"embeddable":true,"href":"https:\/\/autosphere.ca\/fr\/wp-json\/wp\/v2\/media\/462924"}],"wp:attachment":[{"href":"https:\/\/autosphere.ca\/fr\/wp-json\/wp\/v2\/media?parent=462923"}],"wp:term":[{"taxonomy":"category","embeddable":true,"href":"https:\/\/autosphere.ca\/fr\/wp-json\/wp\/v2\/categories?post=462923"},{"taxonomy":"post_tag","embeddable":true,"href":"https:\/\/autosphere.ca\/fr\/wp-json\/wp\/v2\/tags?post=462923"}],"curies":[{"name":"wp","href":"https:\/\/api.w.org\/{rel}","templated":true}]}}