{"id":462890,"date":"2026-09-01T09:30:59","date_gmt":"2026-09-01T13:30:59","guid":{"rendered":"https:\/\/autosphere.ca\/?p=462890"},"modified":"2026-09-01T09:30:59","modified_gmt":"2026-09-01T13:30:59","slug":"penurie-de-main-doeuvre-lase-lance-un-balado-hebdomadaire","status":"publish","type":"post","link":"https:\/\/autosphere.ca\/fr\/mecanique\/2026\/09\/01\/penurie-de-main-doeuvre-lase-lance-un-balado-hebdomadaire\/","title":{"rendered":"P\u00e9nurie de main-d&rsquo;\u0153uvre : l&rsquo;ASE lance un balado hebdomadaire"},"content":{"rendered":"<p dir=\"ltr\"><strong>D\u00e9di\u00e9 \u00e0 la valorisation des m\u00e9tiers de l&rsquo;automobile, du diesel et de la carrosserie, le balado hebdomadaire de l&rsquo;ASE donne la parole aux acteurs du terrain.<\/strong><\/p>\n<p dir=\"ltr\"><span>Le National Institute for Automotive Service Excellence (ASE) met en avant son balado hebdomadaire intitul\u00e9 <\/span><em>Beyond the Wrench<\/em><span>, anim\u00e9 par Jay Goninen, vice-pr\u00e9sident \u00e0 l&rsquo;avancement de l&rsquo;industrie au sein de l&rsquo;organisation. L&rsquo;\u00e9mission a pour mission de promouvoir et de valoriser les carri\u00e8res dans les secteurs de la m\u00e9canique automobile, des v\u00e9hicules lourds et de la carrosserie.\u00a0<\/span><\/p>\n<p dir=\"ltr\"><span>Pour les propri\u00e9taires d&rsquo;ateliers, les gestionnaires de donn\u00e9es RH et les formateurs de la r\u00e9gion, cette initiative offre des perspectives concr\u00e8tes sur l&rsquo;attraction et la r\u00e9tention des talents dans les baies de service. Chaque mercredi, l&rsquo;animateur \u00e9change avec des propri\u00e9taires de baies de service, des techniciens et des instructeurs qui partagent leur parcours, leurs strat\u00e9gies op\u00e9rationnelles et leurs solutions face aux d\u00e9fis de main-d&rsquo;\u0153uvre.\u00a0<\/span><\/p>\n<p dir=\"ltr\"><span>Diffus\u00e9e sur Apple Podcasts, Spotify ainsi que sur la cha\u00eene YouTube ASE Connects, l&rsquo;<\/span><a href=\"https:\/\/wrenchway.com\/beyond-the-wrench-podcast\/\"><span>\u00e9mission<\/span><\/a><span> s&rsquo;inscrit dans les efforts de l&rsquo;ASE pour moderniser l&rsquo;image des m\u00e9tiers de la r\u00e9paration et soutenir la rel\u00e8ve technique.\u00a0<\/span><\/p>\n","protected":false},"excerpt":{"rendered":"<p>D\u00e9di\u00e9 \u00e0 la valorisation des m\u00e9tiers de l&rsquo;automobile, du diesel et de la carrosserie, le balado hebdomadaire de l&rsquo;ASE donne la parole aux acteurs du terrain. Le National Institute for Automotive Service Excellence (ASE) met en avant son balado hebdomadaire intitul\u00e9 Beyond the Wrench, anim\u00e9 par Jay Goninen, vice-pr\u00e9sident \u00e0 l&rsquo;avancement de l&rsquo;industrie au sein&#8230;<\/p>\n","protected":false},"author":526,"featured_media":462891,"comment_status":"closed","ping_status":"open","sticky":false,"template":"","format":"standard","meta":{"_acf_changed":false,"footnotes":""},"categories":[825,632],"tags":[4615],"class_list":["post-462890","post","type-post","status-publish","format-standard","has-post-thumbnail","hentry","category-mecanique-communique","category-mecanique","tag-ase-fr-2"],"acf":[],"yoast_head":"<!-- This site is optimized with the Yoast SEO Premium plugin v27.7 (Yoast SEO v27.7) - https:\/\/yoast.com\/product\/yoast-seo-premium-wordpress\/ -->\n<title>P\u00e9nurie de main-d&#039;\u0153uvre : l&#039;ASE lance un balado hebdomadaire - Autosphere<\/title>\n<meta name=\"description\" content=\"D\u00e9di\u00e9 \u00e0 la valorisation des m\u00e9tiers de l&#039;automobile, du diesel et de la carrosserie, le balado hebdomadaire de l&#039;ASE donne la parole aux acteurs du terrain.\" \/>\n<meta name=\"robots\" content=\"index, follow, max-snippet:-1, max-image-preview:large, max-video-preview:-1\" \/>\n<link rel=\"canonical\" href=\"https:\/\/autosphere.ca\/fr\/mecanique\/2026\/09\/01\/penurie-de-main-doeuvre-lase-lance-un-balado-hebdomadaire\/\" \/>\n<meta property=\"og:locale\" content=\"fr_FR\" \/>\n<meta property=\"og:type\" content=\"article\" \/>\n<meta property=\"og:title\" content=\"P\u00e9nurie de main-d&#039;\u0153uvre : l&#039;ASE lance un balado hebdomadaire\" \/>\n<meta property=\"og:description\" content=\"D\u00e9di\u00e9 \u00e0 la valorisation des m\u00e9tiers de l&#039;automobile, du diesel et de la carrosserie, le balado hebdomadaire de l&#039;ASE donne la parole aux acteurs du terrain.\" \/>\n<meta property=\"og:url\" content=\"https:\/\/autosphere.ca\/fr\/mecanique\/2026\/09\/01\/penurie-de-main-doeuvre-lase-lance-un-balado-hebdomadaire\/\" \/>\n<meta property=\"og:site_name\" content=\"Autosphere\" \/>\n<meta property=\"article:publisher\" content=\"https:\/\/www.facebook.com\/autosphere.ca\" \/>\n<meta property=\"article:published_time\" content=\"2026-09-01T13:30:59+00:00\" \/>\n<meta property=\"og:image\" content=\"https:\/\/autosphere.ca\/wp-content\/uploads\/2026\/09\/AAA-3.jpg\" \/>\n\t<meta property=\"og:image:width\" content=\"758\" \/>\n\t<meta property=\"og:image:height\" content=\"585\" \/>\n\t<meta property=\"og:image:type\" content=\"image\/jpeg\" \/>\n<meta name=\"author\" content=\"Autosphere\" \/>\n<meta name=\"twitter:card\" content=\"summary_large_image\" \/>\n<meta name=\"twitter:creator\" content=\"@autosphere_ca\" \/>\n<meta name=\"twitter:site\" content=\"@autosphere_ca\" \/>\n<meta name=\"twitter:label1\" content=\"\u00c9crit par\" \/>\n\t<meta name=\"twitter:data1\" content=\"Autosphere\" \/>\n\t<meta name=\"twitter:label2\" content=\"Dur\u00e9e de lecture estim\u00e9e\" \/>\n\t<meta name=\"twitter:data2\" content=\"1 minute\" \/>\n<script type=\"application\/ld+json\" class=\"yoast-schema-graph\">{\"@context\":\"https:\\\/\\\/schema.org\",\"@graph\":[{\"@type\":\"Article\",\"@id\":\"https:\\\/\\\/autosphere.ca\\\/fr\\\/mecanique\\\/2026\\\/09\\\/01\\\/penurie-de-main-doeuvre-lase-lance-un-balado-hebdomadaire\\\/#article\",\"isPartOf\":{\"@id\":\"https:\\\/\\\/autosphere.ca\\\/fr\\\/mecanique\\\/2026\\\/09\\\/01\\\/penurie-de-main-doeuvre-lase-lance-un-balado-hebdomadaire\\\/\"},\"author\":{\"name\":\"Autosphere\",\"@id\":\"https:\\\/\\\/autosphere.ca\\\/fr\\\/#\\\/schema\\\/person\\\/ff9c09c47127ce21917a66cfc3eec193\"},\"headline\":\"P\u00e9nurie de main-d&rsquo;\u0153uvre : l&rsquo;ASE lance un balado hebdomadaire\",\"datePublished\":\"2026-09-01T13:30:59+00:00\",\"mainEntityOfPage\":{\"@id\":\"https:\\\/\\\/autosphere.ca\\\/fr\\\/mecanique\\\/2026\\\/09\\\/01\\\/penurie-de-main-doeuvre-lase-lance-un-balado-hebdomadaire\\\/\"},\"wordCount\":222,\"publisher\":{\"@id\":\"https:\\\/\\\/autosphere.ca\\\/fr\\\/#organization\"},\"image\":{\"@id\":\"https:\\\/\\\/autosphere.ca\\\/fr\\\/mecanique\\\/2026\\\/09\\\/01\\\/penurie-de-main-doeuvre-lase-lance-un-balado-hebdomadaire\\\/#primaryimage\"},\"thumbnailUrl\":\"https:\\\/\\\/autosphere.ca\\\/wp-content\\\/uploads\\\/2026\\\/09\\\/AAA-3.jpg\",\"keywords\":[\"ASE\"],\"articleSection\":[\"Communiqu\u00e9 de presse\",\"M\u00e9canique\"],\"inLanguage\":\"fr-FR\",\"copyrightYear\":\"2026\",\"copyrightHolder\":{\"@id\":\"https:\\\/\\\/autosphere.ca\\\/#organization\"}},{\"@type\":\"WebPage\",\"@id\":\"https:\\\/\\\/autosphere.ca\\\/fr\\\/mecanique\\\/2026\\\/09\\\/01\\\/penurie-de-main-doeuvre-lase-lance-un-balado-hebdomadaire\\\/\",\"url\":\"https:\\\/\\\/autosphere.ca\\\/fr\\\/mecanique\\\/2026\\\/09\\\/01\\\/penurie-de-main-doeuvre-lase-lance-un-balado-hebdomadaire\\\/\",\"name\":\"P\u00e9nurie de main-d'\u0153uvre : l'ASE lance un balado hebdomadaire - Autosphere\",\"isPartOf\":{\"@id\":\"https:\\\/\\\/autosphere.ca\\\/fr\\\/#website\"},\"primaryImageOfPage\":{\"@id\":\"https:\\\/\\\/autosphere.ca\\\/fr\\\/mecanique\\\/2026\\\/09\\\/01\\\/penurie-de-main-doeuvre-lase-lance-un-balado-hebdomadaire\\\/#primaryimage\"},\"image\":{\"@id\":\"https:\\\/\\\/autosphere.ca\\\/fr\\\/mecanique\\\/2026\\\/09\\\/01\\\/penurie-de-main-doeuvre-lase-lance-un-balado-hebdomadaire\\\/#primaryimage\"},\"thumbnailUrl\":\"https:\\\/\\\/autosphere.ca\\\/wp-content\\\/uploads\\\/2026\\\/09\\\/AAA-3.jpg\",\"datePublished\":\"2026-09-01T13:30:59+00:00\",\"description\":\"D\u00e9di\u00e9 \u00e0 la valorisation des m\u00e9tiers de l'automobile, du diesel et de la carrosserie, le balado hebdomadaire de l'ASE donne la parole aux acteurs du terrain.\",\"breadcrumb\":{\"@id\":\"https:\\\/\\\/autosphere.ca\\\/fr\\\/mecanique\\\/2026\\\/09\\\/01\\\/penurie-de-main-doeuvre-lase-lance-un-balado-hebdomadaire\\\/#breadcrumb\"},\"inLanguage\":\"fr-FR\",\"potentialAction\":[{\"@type\":\"ReadAction\",\"target\":[\"https:\\\/\\\/autosphere.ca\\\/fr\\\/mecanique\\\/2026\\\/09\\\/01\\\/penurie-de-main-doeuvre-lase-lance-un-balado-hebdomadaire\\\/\"]}]},{\"@type\":\"ImageObject\",\"inLanguage\":\"fr-FR\",\"@id\":\"https:\\\/\\\/autosphere.ca\\\/fr\\\/mecanique\\\/2026\\\/09\\\/01\\\/penurie-de-main-doeuvre-lase-lance-un-balado-hebdomadaire\\\/#primaryimage\",\"url\":\"https:\\\/\\\/autosphere.ca\\\/wp-content\\\/uploads\\\/2026\\\/09\\\/AAA-3.jpg\",\"contentUrl\":\"https:\\\/\\\/autosphere.ca\\\/wp-content\\\/uploads\\\/2026\\\/09\\\/AAA-3.jpg\",\"width\":758,\"height\":585},{\"@type\":\"BreadcrumbList\",\"@id\":\"https:\\\/\\\/autosphere.ca\\\/fr\\\/mecanique\\\/2026\\\/09\\\/01\\\/penurie-de-main-doeuvre-lase-lance-un-balado-hebdomadaire\\\/#breadcrumb\",\"itemListElement\":[{\"@type\":\"ListItem\",\"position\":1,\"name\":\"Autosphere\",\"item\":\"https:\\\/\\\/autosphere.ca\\\/fr\\\/\"},{\"@type\":\"ListItem\",\"position\":2,\"name\":\"M\u00e9canique\",\"item\":\"https:\\\/\\\/autosphere.ca\\\/fr\\\/category\\\/mecanique\\\/\"},{\"@type\":\"ListItem\",\"position\":3,\"name\":\"P\u00e9nurie de main-d&#8217;\u0153uvre : l&#8217;ASE lance un balado hebdomadaire\"}]},{\"@type\":\"WebSite\",\"@id\":\"https:\\\/\\\/autosphere.ca\\\/fr\\\/#website\",\"url\":\"https:\\\/\\\/autosphere.ca\\\/fr\\\/\",\"name\":\"Autosphere\",\"description\":\"Articles et nouvelles de l&#039;industrie automobile\",\"publisher\":{\"@id\":\"https:\\\/\\\/autosphere.ca\\\/fr\\\/#organization\"},\"potentialAction\":[{\"@type\":\"SearchAction\",\"target\":{\"@type\":\"EntryPoint\",\"urlTemplate\":\"https:\\\/\\\/autosphere.ca\\\/fr\\\/?s={search_term_string}\"},\"query-input\":{\"@type\":\"PropertyValueSpecification\",\"valueRequired\":true,\"valueName\":\"search_term_string\"}}],\"inLanguage\":\"fr-FR\"},{\"@type\":\"Organization\",\"@id\":\"https:\\\/\\\/autosphere.ca\\\/fr\\\/#organization\",\"name\":\"Autosphere\",\"url\":\"https:\\\/\\\/autosphere.ca\\\/fr\\\/\",\"logo\":{\"@type\":\"ImageObject\",\"inLanguage\":\"fr-FR\",\"@id\":\"https:\\\/\\\/autosphere.ca\\\/fr\\\/#\\\/schema\\\/logo\\\/image\\\/\",\"url\":\"https:\\\/\\\/autosphere.ca\\\/wp-content\\\/uploads\\\/2021\\\/06\\\/AutosphereLogo-SM.png\",\"contentUrl\":\"https:\\\/\\\/autosphere.ca\\\/wp-content\\\/uploads\\\/2021\\\/06\\\/AutosphereLogo-SM.png\",\"width\":586,\"height\":586,\"caption\":\"Autosphere\"},\"image\":{\"@id\":\"https:\\\/\\\/autosphere.ca\\\/fr\\\/#\\\/schema\\\/logo\\\/image\\\/\"},\"sameAs\":[\"https:\\\/\\\/www.facebook.com\\\/autosphere.ca\",\"https:\\\/\\\/x.com\\\/autosphere_ca\",\"https:\\\/\\\/www.linkedin.com\\\/company\\\/autosphere-en\"]},{\"@type\":\"Person\",\"@id\":\"https:\\\/\\\/autosphere.ca\\\/fr\\\/#\\\/schema\\\/person\\\/ff9c09c47127ce21917a66cfc3eec193\",\"name\":\"Autosphere\",\"image\":{\"@type\":\"ImageObject\",\"inLanguage\":\"fr-FR\",\"@id\":\"https:\\\/\\\/secure.gravatar.com\\\/avatar\\\/7902cacedf6834a87d945093aa200ff224945e9d18489bcd83ab0447f70000be?s=96&d=mm&r=g\",\"url\":\"https:\\\/\\\/secure.gravatar.com\\\/avatar\\\/7902cacedf6834a87d945093aa200ff224945e9d18489bcd83ab0447f70000be?s=96&d=mm&r=g\",\"contentUrl\":\"https:\\\/\\\/secure.gravatar.com\\\/avatar\\\/7902cacedf6834a87d945093aa200ff224945e9d18489bcd83ab0447f70000be?s=96&d=mm&r=g\",\"caption\":\"Autosphere\"},\"url\":\"https:\\\/\\\/autosphere.ca\\\/fr\\\/author\\\/janick-murray-hall\\\/\"}]}<\/script>\n<!-- \/ Yoast SEO Premium plugin. -->","yoast_head_json":{"title":"P\u00e9nurie de main-d'\u0153uvre : l'ASE lance un balado hebdomadaire - Autosphere","description":"D\u00e9di\u00e9 \u00e0 la valorisation des m\u00e9tiers de l'automobile, du diesel et de la carrosserie, le balado hebdomadaire de l'ASE donne la parole aux acteurs du terrain.","robots":{"index":"index","follow":"follow","max-snippet":"max-snippet:-1","max-image-preview":"max-image-preview:large","max-video-preview":"max-video-preview:-1"},"canonical":"https:\/\/autosphere.ca\/fr\/mecanique\/2026\/09\/01\/penurie-de-main-doeuvre-lase-lance-un-balado-hebdomadaire\/","og_locale":"fr_FR","og_type":"article","og_title":"P\u00e9nurie de main-d'\u0153uvre : l'ASE lance un balado hebdomadaire","og_description":"D\u00e9di\u00e9 \u00e0 la valorisation des m\u00e9tiers de l'automobile, du diesel et de la carrosserie, le balado hebdomadaire de l'ASE donne la parole aux acteurs du terrain.","og_url":"https:\/\/autosphere.ca\/fr\/mecanique\/2026\/09\/01\/penurie-de-main-doeuvre-lase-lance-un-balado-hebdomadaire\/","og_site_name":"Autosphere","article_publisher":"https:\/\/www.facebook.com\/autosphere.ca","article_published_time":"2026-09-01T13:30:59+00:00","og_image":[{"width":758,"height":585,"url":"https:\/\/autosphere.ca\/wp-content\/uploads\/2026\/09\/AAA-3.jpg","type":"image\/jpeg"}],"author":"Autosphere","twitter_card":"summary_large_image","twitter_creator":"@autosphere_ca","twitter_site":"@autosphere_ca","twitter_misc":{"\u00c9crit par":"Autosphere","Dur\u00e9e de lecture estim\u00e9e":"1 minute"},"schema":{"@context":"https:\/\/schema.org","@graph":[{"@type":"Article","@id":"https:\/\/autosphere.ca\/fr\/mecanique\/2026\/09\/01\/penurie-de-main-doeuvre-lase-lance-un-balado-hebdomadaire\/#article","isPartOf":{"@id":"https:\/\/autosphere.ca\/fr\/mecanique\/2026\/09\/01\/penurie-de-main-doeuvre-lase-lance-un-balado-hebdomadaire\/"},"author":{"name":"Autosphere","@id":"https:\/\/autosphere.ca\/fr\/#\/schema\/person\/ff9c09c47127ce21917a66cfc3eec193"},"headline":"P\u00e9nurie de main-d&rsquo;\u0153uvre : l&rsquo;ASE lance un balado hebdomadaire","datePublished":"2026-09-01T13:30:59+00:00","mainEntityOfPage":{"@id":"https:\/\/autosphere.ca\/fr\/mecanique\/2026\/09\/01\/penurie-de-main-doeuvre-lase-lance-un-balado-hebdomadaire\/"},"wordCount":222,"publisher":{"@id":"https:\/\/autosphere.ca\/fr\/#organization"},"image":{"@id":"https:\/\/autosphere.ca\/fr\/mecanique\/2026\/09\/01\/penurie-de-main-doeuvre-lase-lance-un-balado-hebdomadaire\/#primaryimage"},"thumbnailUrl":"https:\/\/autosphere.ca\/wp-content\/uploads\/2026\/09\/AAA-3.jpg","keywords":["ASE"],"articleSection":["Communiqu\u00e9 de presse","M\u00e9canique"],"inLanguage":"fr-FR","copyrightYear":"2026","copyrightHolder":{"@id":"https:\/\/autosphere.ca\/#organization"}},{"@type":"WebPage","@id":"https:\/\/autosphere.ca\/fr\/mecanique\/2026\/09\/01\/penurie-de-main-doeuvre-lase-lance-un-balado-hebdomadaire\/","url":"https:\/\/autosphere.ca\/fr\/mecanique\/2026\/09\/01\/penurie-de-main-doeuvre-lase-lance-un-balado-hebdomadaire\/","name":"P\u00e9nurie de main-d'\u0153uvre : l'ASE lance un balado hebdomadaire - Autosphere","isPartOf":{"@id":"https:\/\/autosphere.ca\/fr\/#website"},"primaryImageOfPage":{"@id":"https:\/\/autosphere.ca\/fr\/mecanique\/2026\/09\/01\/penurie-de-main-doeuvre-lase-lance-un-balado-hebdomadaire\/#primaryimage"},"image":{"@id":"https:\/\/autosphere.ca\/fr\/mecanique\/2026\/09\/01\/penurie-de-main-doeuvre-lase-lance-un-balado-hebdomadaire\/#primaryimage"},"thumbnailUrl":"https:\/\/autosphere.ca\/wp-content\/uploads\/2026\/09\/AAA-3.jpg","datePublished":"2026-09-01T13:30:59+00:00","description":"D\u00e9di\u00e9 \u00e0 la valorisation des m\u00e9tiers de l'automobile, du diesel et de la carrosserie, le balado hebdomadaire de l'ASE donne la parole aux acteurs du terrain.","breadcrumb":{"@id":"https:\/\/autosphere.ca\/fr\/mecanique\/2026\/09\/01\/penurie-de-main-doeuvre-lase-lance-un-balado-hebdomadaire\/#breadcrumb"},"inLanguage":"fr-FR","potentialAction":[{"@type":"ReadAction","target":["https:\/\/autosphere.ca\/fr\/mecanique\/2026\/09\/01\/penurie-de-main-doeuvre-lase-lance-un-balado-hebdomadaire\/"]}]},{"@type":"ImageObject","inLanguage":"fr-FR","@id":"https:\/\/autosphere.ca\/fr\/mecanique\/2026\/09\/01\/penurie-de-main-doeuvre-lase-lance-un-balado-hebdomadaire\/#primaryimage","url":"https:\/\/autosphere.ca\/wp-content\/uploads\/2026\/09\/AAA-3.jpg","contentUrl":"https:\/\/autosphere.ca\/wp-content\/uploads\/2026\/09\/AAA-3.jpg","width":758,"height":585},{"@type":"BreadcrumbList","@id":"https:\/\/autosphere.ca\/fr\/mecanique\/2026\/09\/01\/penurie-de-main-doeuvre-lase-lance-un-balado-hebdomadaire\/#breadcrumb","itemListElement":[{"@type":"ListItem","position":1,"name":"Autosphere","item":"https:\/\/autosphere.ca\/fr\/"},{"@type":"ListItem","position":2,"name":"M\u00e9canique","item":"https:\/\/autosphere.ca\/fr\/category\/mecanique\/"},{"@type":"ListItem","position":3,"name":"P\u00e9nurie de main-d&#8217;\u0153uvre : l&#8217;ASE lance un balado hebdomadaire"}]},{"@type":"WebSite","@id":"https:\/\/autosphere.ca\/fr\/#website","url":"https:\/\/autosphere.ca\/fr\/","name":"Autosphere","description":"Articles et nouvelles de l&#039;industrie automobile","publisher":{"@id":"https:\/\/autosphere.ca\/fr\/#organization"},"potentialAction":[{"@type":"SearchAction","target":{"@type":"EntryPoint","urlTemplate":"https:\/\/autosphere.ca\/fr\/?s={search_term_string}"},"query-input":{"@type":"PropertyValueSpecification","valueRequired":true,"valueName":"search_term_string"}}],"inLanguage":"fr-FR"},{"@type":"Organization","@id":"https:\/\/autosphere.ca\/fr\/#organization","name":"Autosphere","url":"https:\/\/autosphere.ca\/fr\/","logo":{"@type":"ImageObject","inLanguage":"fr-FR","@id":"https:\/\/autosphere.ca\/fr\/#\/schema\/logo\/image\/","url":"https:\/\/autosphere.ca\/wp-content\/uploads\/2021\/06\/AutosphereLogo-SM.png","contentUrl":"https:\/\/autosphere.ca\/wp-content\/uploads\/2021\/06\/AutosphereLogo-SM.png","width":586,"height":586,"caption":"Autosphere"},"image":{"@id":"https:\/\/autosphere.ca\/fr\/#\/schema\/logo\/image\/"},"sameAs":["https:\/\/www.facebook.com\/autosphere.ca","https:\/\/x.com\/autosphere_ca","https:\/\/www.linkedin.com\/company\/autosphere-en"]},{"@type":"Person","@id":"https:\/\/autosphere.ca\/fr\/#\/schema\/person\/ff9c09c47127ce21917a66cfc3eec193","name":"Autosphere","image":{"@type":"ImageObject","inLanguage":"fr-FR","@id":"https:\/\/secure.gravatar.com\/avatar\/7902cacedf6834a87d945093aa200ff224945e9d18489bcd83ab0447f70000be?s=96&d=mm&r=g","url":"https:\/\/secure.gravatar.com\/avatar\/7902cacedf6834a87d945093aa200ff224945e9d18489bcd83ab0447f70000be?s=96&d=mm&r=g","contentUrl":"https:\/\/secure.gravatar.com\/avatar\/7902cacedf6834a87d945093aa200ff224945e9d18489bcd83ab0447f70000be?s=96&d=mm&r=g","caption":"Autosphere"},"url":"https:\/\/autosphere.ca\/fr\/author\/janick-murray-hall\/"}]}},"_links":{"self":[{"href":"https:\/\/autosphere.ca\/fr\/wp-json\/wp\/v2\/posts\/462890","targetHints":{"allow":["GET"]}}],"collection":[{"href":"https:\/\/autosphere.ca\/fr\/wp-json\/wp\/v2\/posts"}],"about":[{"href":"https:\/\/autosphere.ca\/fr\/wp-json\/wp\/v2\/types\/post"}],"author":[{"embeddable":true,"href":"https:\/\/autosphere.ca\/fr\/wp-json\/wp\/v2\/users\/526"}],"replies":[{"embeddable":true,"href":"https:\/\/autosphere.ca\/fr\/wp-json\/wp\/v2\/comments?post=462890"}],"version-history":[{"count":1,"href":"https:\/\/autosphere.ca\/fr\/wp-json\/wp\/v2\/posts\/462890\/revisions"}],"predecessor-version":[{"id":462893,"href":"https:\/\/autosphere.ca\/fr\/wp-json\/wp\/v2\/posts\/462890\/revisions\/462893"}],"wp:featuredmedia":[{"embeddable":true,"href":"https:\/\/autosphere.ca\/fr\/wp-json\/wp\/v2\/media\/462891"}],"wp:attachment":[{"href":"https:\/\/autosphere.ca\/fr\/wp-json\/wp\/v2\/media?parent=462890"}],"wp:term":[{"taxonomy":"category","embeddable":true,"href":"https:\/\/autosphere.ca\/fr\/wp-json\/wp\/v2\/categories?post=462890"},{"taxonomy":"post_tag","embeddable":true,"href":"https:\/\/autosphere.ca\/fr\/wp-json\/wp\/v2\/tags?post=462890"}],"curies":[{"name":"wp","href":"https:\/\/api.w.org\/{rel}","templated":true}]}}