{"id":462814,"date":"2026-08-31T10:55:35","date_gmt":"2026-08-31T14:55:35","guid":{"rendered":"https:\/\/autosphere.ca\/?p=462814"},"modified":"2026-08-31T10:56:35","modified_gmt":"2026-08-31T14:56:35","slug":"le-ccif-de-montreal-sadresse-aux-carrossiers-quebecois","status":"publish","type":"post","link":"https:\/\/autosphere.ca\/fr\/carrosserie\/2026\/08\/31\/le-ccif-de-montreal-sadresse-aux-carrossiers-quebecois\/","title":{"rendered":"Le CCIF de Montr\u00e9al s\u2019adresse aux carrossiers qu\u00e9b\u00e9cois"},"content":{"rendered":"<p dir=\"ltr\"><strong><span>Le 17 septembre prochain, le Forum canadien de l\u2019industrie de la carrosserie (CCIF) qui se d\u00e9roulera \u00e0 Montr\u00e9al pr\u00e9sente un programme qui interpelle directement les carrossiers qu\u00e9b\u00e9cois.<\/span><\/strong><\/p>\n<p dir=\"ltr\"><span>Symbole d\u2019une volont\u00e9 de travailler de concert pour d\u00e9fendre les int\u00e9r\u00eats de toutes les entreprises du secteur de la carrosserie, la Corporation des carrossiers professionnels du Qu\u00e9bec (CCPQ) a \u00e9t\u00e9 invit\u00e9e \u00e0 y pr\u00e9senter une allocution devant l\u2019assembl\u00e9e des participants. <\/span><span><\/span><span>Le pr\u00e9sident de la CCPQ, Jonathan Pilon, accompagn\u00e9 de la conseill\u00e8re de l\u2019association Kassy Vaudry, va ainsi pr\u00e9senter une conf\u00e9rence en matin\u00e9e, portant sur les priorit\u00e9s de l\u2019industrie. Cette allocution <\/span><span>abordera les enjeux de main d\u2019\u0153uvre qualifi\u00e9e, mais \u00e9galement l\u2019importance de faire reconnaitre ce m\u00e9tier aupr\u00e8s des instances gouvernementales. <\/span><\/p>\n<p dir=\"ltr\"><span>\u00ab\u00a0La situation \u00e9conomique et politique ajoute une pression \u00e9norme sur notre industrie d\u00e9j\u00e0 tr\u00e8s fragile, notamment en ce qui concerne la main d\u2019\u0153uvre. Comme industrie nous nous devons de collaborer afin d\u2019\u00eatre plus attractifs aupr\u00e8s des \u00e9tudiants et travailleurs du Qu\u00e9bec\u00a0\u00bb, a expliqu\u00e9 M. Pilon en entrevue avec Autosphere.ca.<\/span><\/p>\n<p dir=\"ltr\"><span>Outre la pr\u00e9sentation de M. Pilon et le mot d\u2019ouverture du pr\u00e9sident du CCIF Sylvain S\u00e9guin et d\u2019Emily Chung, PDG de l\u2019AIA Canada, des conf\u00e9rences sont pr\u00e9vues sur des sujets d\u2019importance comme la transformation du travail dans les ateliers de carrosserie par l\u2019intelligence artificielle ou encore les points de s\u00e9curit\u00e9 \u00e0 consid\u00e9rer lors de travaux sur les v\u00e9hicules \u00e9lectriques.<\/span><\/p>\n<p dir=\"ltr\"><span>La journ\u00e9e comprendra aussi des s\u00e9ances d\u2019information simultan\u00e9es ainsi qu\u2019un panel portant sur la vente d\u2019un atelier et deux conf\u00e9rences.<\/span><\/p>\n<p dir=\"ltr\"><span>Soulignons qu\u2019un cocktail d\u2019accueil et de r\u00e9seautage est pr\u00e9vu la veille \u00e0 18h00 \u00e0 l\u2019h\u00f4tel Marriott situ\u00e9 au terminal de l\u2019A\u00e9roport de Dorval.<\/span><\/p>\n<p dir=\"ltr\"><span>Les carrossiers int\u00e9ress\u00e9s \u00e0 participer \u00e0 cet \u00e9v\u00e9nement peuvent s\u2019y inscrire en suivant ce lien\u00a0:<\/span><span> <\/span><span>https:\/\/site.pheedloop.com\/event\/CCIF2026\/home\/<\/span><\/p>\n","protected":false},"excerpt":{"rendered":"<p>Le 17 septembre prochain, le Forum canadien de l\u2019industrie de la carrosserie (CCIF) qui se d\u00e9roulera \u00e0 Montr\u00e9al pr\u00e9sente un programme qui interpelle directement les carrossiers qu\u00e9b\u00e9cois. Symbole d\u2019une volont\u00e9 de travailler de concert pour d\u00e9fendre les int\u00e9r\u00eats de toutes les entreprises du secteur de la carrosserie, la Corporation des carrossiers professionnels du Qu\u00e9bec (CCPQ)&#8230;<\/p>\n","protected":false},"author":526,"featured_media":462815,"comment_status":"closed","ping_status":"open","sticky":false,"template":"","format":"standard","meta":{"_acf_changed":false,"footnotes":""},"categories":[610,822],"tags":[2544],"class_list":["post-462814","post","type-post","status-publish","format-standard","has-post-thumbnail","hentry","category-carrosserie","category-carrosserie-communique","tag-ccif-fr"],"acf":[],"yoast_head":"<!-- This site is optimized with the Yoast SEO Premium plugin v27.7 (Yoast SEO v27.7) - https:\/\/yoast.com\/product\/yoast-seo-premium-wordpress\/ -->\n<title>Le CCIF de Montr\u00e9al s\u2019adresse aux carrossiers qu\u00e9b\u00e9cois - Autosphere<\/title>\n<meta name=\"description\" content=\"Le 17 septembre prochain, le Forum canadien de l\u2019industrie de la carrosserie (CCIF) qui se d\u00e9roulera \u00e0 Montr\u00e9al pr\u00e9sente un programme qui interpelle directement les carrossiers qu\u00e9b\u00e9cois.\" \/>\n<meta name=\"robots\" content=\"index, follow, max-snippet:-1, max-image-preview:large, max-video-preview:-1\" \/>\n<link rel=\"canonical\" href=\"https:\/\/autosphere.ca\/fr\/carrosserie\/2026\/08\/31\/le-ccif-de-montreal-sadresse-aux-carrossiers-quebecois\/\" \/>\n<meta property=\"og:locale\" content=\"fr_FR\" \/>\n<meta property=\"og:type\" content=\"article\" \/>\n<meta property=\"og:title\" content=\"Le CCIF de Montr\u00e9al s\u2019adresse aux carrossiers qu\u00e9b\u00e9cois\" \/>\n<meta property=\"og:description\" content=\"Le 17 septembre prochain, le Forum canadien de l\u2019industrie de la carrosserie (CCIF) qui se d\u00e9roulera \u00e0 Montr\u00e9al pr\u00e9sente un programme qui interpelle directement les carrossiers qu\u00e9b\u00e9cois.\" \/>\n<meta property=\"og:url\" content=\"https:\/\/autosphere.ca\/fr\/carrosserie\/2026\/08\/31\/le-ccif-de-montreal-sadresse-aux-carrossiers-quebecois\/\" \/>\n<meta property=\"og:site_name\" content=\"Autosphere\" \/>\n<meta property=\"article:publisher\" content=\"https:\/\/www.facebook.com\/autosphere.ca\" \/>\n<meta property=\"article:published_time\" content=\"2026-08-31T14:55:35+00:00\" \/>\n<meta property=\"article:modified_time\" content=\"2026-08-31T14:56:35+00:00\" \/>\n<meta property=\"og:image\" content=\"https:\/\/autosphere.ca\/wp-content\/uploads\/2026\/08\/AAA-7-8.jpg\" \/>\n\t<meta property=\"og:image:width\" content=\"758\" \/>\n\t<meta property=\"og:image:height\" content=\"585\" \/>\n\t<meta property=\"og:image:type\" content=\"image\/jpeg\" \/>\n<meta name=\"author\" content=\"Autosphere\" \/>\n<meta name=\"twitter:card\" content=\"summary_large_image\" \/>\n<meta name=\"twitter:creator\" content=\"@autosphere_ca\" \/>\n<meta name=\"twitter:site\" content=\"@autosphere_ca\" \/>\n<meta name=\"twitter:label1\" content=\"\u00c9crit par\" \/>\n\t<meta name=\"twitter:data1\" content=\"Autosphere\" \/>\n\t<meta name=\"twitter:label2\" content=\"Dur\u00e9e de lecture estim\u00e9e\" \/>\n\t<meta name=\"twitter:data2\" content=\"2 minutes\" \/>\n<script type=\"application\/ld+json\" class=\"yoast-schema-graph\">{\"@context\":\"https:\\\/\\\/schema.org\",\"@graph\":[{\"@type\":\"Article\",\"@id\":\"https:\\\/\\\/autosphere.ca\\\/fr\\\/carrosserie\\\/2026\\\/08\\\/31\\\/le-ccif-de-montreal-sadresse-aux-carrossiers-quebecois\\\/#article\",\"isPartOf\":{\"@id\":\"https:\\\/\\\/autosphere.ca\\\/fr\\\/carrosserie\\\/2026\\\/08\\\/31\\\/le-ccif-de-montreal-sadresse-aux-carrossiers-quebecois\\\/\"},\"author\":{\"name\":\"Autosphere\",\"@id\":\"https:\\\/\\\/autosphere.ca\\\/fr\\\/#\\\/schema\\\/person\\\/ff9c09c47127ce21917a66cfc3eec193\"},\"headline\":\"Le CCIF de Montr\u00e9al s\u2019adresse aux carrossiers qu\u00e9b\u00e9cois\",\"datePublished\":\"2026-08-31T14:55:35+00:00\",\"dateModified\":\"2026-08-31T14:56:35+00:00\",\"mainEntityOfPage\":{\"@id\":\"https:\\\/\\\/autosphere.ca\\\/fr\\\/carrosserie\\\/2026\\\/08\\\/31\\\/le-ccif-de-montreal-sadresse-aux-carrossiers-quebecois\\\/\"},\"wordCount\":360,\"publisher\":{\"@id\":\"https:\\\/\\\/autosphere.ca\\\/fr\\\/#organization\"},\"image\":{\"@id\":\"https:\\\/\\\/autosphere.ca\\\/fr\\\/carrosserie\\\/2026\\\/08\\\/31\\\/le-ccif-de-montreal-sadresse-aux-carrossiers-quebecois\\\/#primaryimage\"},\"thumbnailUrl\":\"https:\\\/\\\/autosphere.ca\\\/wp-content\\\/uploads\\\/2026\\\/08\\\/AAA-7-8.jpg\",\"keywords\":[\"CCIF\"],\"articleSection\":[\"Carrosserie\",\"Communiqu\u00e9 de presse\"],\"inLanguage\":\"fr-FR\",\"copyrightYear\":\"2026\",\"copyrightHolder\":{\"@id\":\"https:\\\/\\\/autosphere.ca\\\/#organization\"}},{\"@type\":\"WebPage\",\"@id\":\"https:\\\/\\\/autosphere.ca\\\/fr\\\/carrosserie\\\/2026\\\/08\\\/31\\\/le-ccif-de-montreal-sadresse-aux-carrossiers-quebecois\\\/\",\"url\":\"https:\\\/\\\/autosphere.ca\\\/fr\\\/carrosserie\\\/2026\\\/08\\\/31\\\/le-ccif-de-montreal-sadresse-aux-carrossiers-quebecois\\\/\",\"name\":\"Le CCIF de Montr\u00e9al s\u2019adresse aux carrossiers qu\u00e9b\u00e9cois - Autosphere\",\"isPartOf\":{\"@id\":\"https:\\\/\\\/autosphere.ca\\\/fr\\\/#website\"},\"primaryImageOfPage\":{\"@id\":\"https:\\\/\\\/autosphere.ca\\\/fr\\\/carrosserie\\\/2026\\\/08\\\/31\\\/le-ccif-de-montreal-sadresse-aux-carrossiers-quebecois\\\/#primaryimage\"},\"image\":{\"@id\":\"https:\\\/\\\/autosphere.ca\\\/fr\\\/carrosserie\\\/2026\\\/08\\\/31\\\/le-ccif-de-montreal-sadresse-aux-carrossiers-quebecois\\\/#primaryimage\"},\"thumbnailUrl\":\"https:\\\/\\\/autosphere.ca\\\/wp-content\\\/uploads\\\/2026\\\/08\\\/AAA-7-8.jpg\",\"datePublished\":\"2026-08-31T14:55:35+00:00\",\"dateModified\":\"2026-08-31T14:56:35+00:00\",\"description\":\"Le 17 septembre prochain, le Forum canadien de l\u2019industrie de la carrosserie (CCIF) qui se d\u00e9roulera \u00e0 Montr\u00e9al pr\u00e9sente un programme qui interpelle directement les carrossiers qu\u00e9b\u00e9cois.\",\"breadcrumb\":{\"@id\":\"https:\\\/\\\/autosphere.ca\\\/fr\\\/carrosserie\\\/2026\\\/08\\\/31\\\/le-ccif-de-montreal-sadresse-aux-carrossiers-quebecois\\\/#breadcrumb\"},\"inLanguage\":\"fr-FR\",\"potentialAction\":[{\"@type\":\"ReadAction\",\"target\":[\"https:\\\/\\\/autosphere.ca\\\/fr\\\/carrosserie\\\/2026\\\/08\\\/31\\\/le-ccif-de-montreal-sadresse-aux-carrossiers-quebecois\\\/\"]}]},{\"@type\":\"ImageObject\",\"inLanguage\":\"fr-FR\",\"@id\":\"https:\\\/\\\/autosphere.ca\\\/fr\\\/carrosserie\\\/2026\\\/08\\\/31\\\/le-ccif-de-montreal-sadresse-aux-carrossiers-quebecois\\\/#primaryimage\",\"url\":\"https:\\\/\\\/autosphere.ca\\\/wp-content\\\/uploads\\\/2026\\\/08\\\/AAA-7-8.jpg\",\"contentUrl\":\"https:\\\/\\\/autosphere.ca\\\/wp-content\\\/uploads\\\/2026\\\/08\\\/AAA-7-8.jpg\",\"width\":758,\"height\":585},{\"@type\":\"BreadcrumbList\",\"@id\":\"https:\\\/\\\/autosphere.ca\\\/fr\\\/carrosserie\\\/2026\\\/08\\\/31\\\/le-ccif-de-montreal-sadresse-aux-carrossiers-quebecois\\\/#breadcrumb\",\"itemListElement\":[{\"@type\":\"ListItem\",\"position\":1,\"name\":\"Autosphere\",\"item\":\"https:\\\/\\\/autosphere.ca\\\/fr\\\/\"},{\"@type\":\"ListItem\",\"position\":2,\"name\":\"Carrosserie\",\"item\":\"https:\\\/\\\/autosphere.ca\\\/fr\\\/category\\\/carrosserie\\\/\"},{\"@type\":\"ListItem\",\"position\":3,\"name\":\"Le CCIF de Montr\u00e9al s\u2019adresse aux carrossiers qu\u00e9b\u00e9cois\"}]},{\"@type\":\"WebSite\",\"@id\":\"https:\\\/\\\/autosphere.ca\\\/fr\\\/#website\",\"url\":\"https:\\\/\\\/autosphere.ca\\\/fr\\\/\",\"name\":\"Autosphere\",\"description\":\"Articles et nouvelles de l&#039;industrie automobile\",\"publisher\":{\"@id\":\"https:\\\/\\\/autosphere.ca\\\/fr\\\/#organization\"},\"potentialAction\":[{\"@type\":\"SearchAction\",\"target\":{\"@type\":\"EntryPoint\",\"urlTemplate\":\"https:\\\/\\\/autosphere.ca\\\/fr\\\/?s={search_term_string}\"},\"query-input\":{\"@type\":\"PropertyValueSpecification\",\"valueRequired\":true,\"valueName\":\"search_term_string\"}}],\"inLanguage\":\"fr-FR\"},{\"@type\":\"Organization\",\"@id\":\"https:\\\/\\\/autosphere.ca\\\/fr\\\/#organization\",\"name\":\"Autosphere\",\"url\":\"https:\\\/\\\/autosphere.ca\\\/fr\\\/\",\"logo\":{\"@type\":\"ImageObject\",\"inLanguage\":\"fr-FR\",\"@id\":\"https:\\\/\\\/autosphere.ca\\\/fr\\\/#\\\/schema\\\/logo\\\/image\\\/\",\"url\":\"https:\\\/\\\/autosphere.ca\\\/wp-content\\\/uploads\\\/2021\\\/06\\\/AutosphereLogo-SM.png\",\"contentUrl\":\"https:\\\/\\\/autosphere.ca\\\/wp-content\\\/uploads\\\/2021\\\/06\\\/AutosphereLogo-SM.png\",\"width\":586,\"height\":586,\"caption\":\"Autosphere\"},\"image\":{\"@id\":\"https:\\\/\\\/autosphere.ca\\\/fr\\\/#\\\/schema\\\/logo\\\/image\\\/\"},\"sameAs\":[\"https:\\\/\\\/www.facebook.com\\\/autosphere.ca\",\"https:\\\/\\\/x.com\\\/autosphere_ca\",\"https:\\\/\\\/www.linkedin.com\\\/company\\\/autosphere-en\"]},{\"@type\":\"Person\",\"@id\":\"https:\\\/\\\/autosphere.ca\\\/fr\\\/#\\\/schema\\\/person\\\/ff9c09c47127ce21917a66cfc3eec193\",\"name\":\"Autosphere\",\"image\":{\"@type\":\"ImageObject\",\"inLanguage\":\"fr-FR\",\"@id\":\"https:\\\/\\\/secure.gravatar.com\\\/avatar\\\/7902cacedf6834a87d945093aa200ff224945e9d18489bcd83ab0447f70000be?s=96&d=mm&r=g\",\"url\":\"https:\\\/\\\/secure.gravatar.com\\\/avatar\\\/7902cacedf6834a87d945093aa200ff224945e9d18489bcd83ab0447f70000be?s=96&d=mm&r=g\",\"contentUrl\":\"https:\\\/\\\/secure.gravatar.com\\\/avatar\\\/7902cacedf6834a87d945093aa200ff224945e9d18489bcd83ab0447f70000be?s=96&d=mm&r=g\",\"caption\":\"Autosphere\"},\"url\":\"https:\\\/\\\/autosphere.ca\\\/fr\\\/author\\\/janick-murray-hall\\\/\"}]}<\/script>\n<!-- \/ Yoast SEO Premium plugin. -->","yoast_head_json":{"title":"Le CCIF de Montr\u00e9al s\u2019adresse aux carrossiers qu\u00e9b\u00e9cois - Autosphere","description":"Le 17 septembre prochain, le Forum canadien de l\u2019industrie de la carrosserie (CCIF) qui se d\u00e9roulera \u00e0 Montr\u00e9al pr\u00e9sente un programme qui interpelle directement les carrossiers qu\u00e9b\u00e9cois.","robots":{"index":"index","follow":"follow","max-snippet":"max-snippet:-1","max-image-preview":"max-image-preview:large","max-video-preview":"max-video-preview:-1"},"canonical":"https:\/\/autosphere.ca\/fr\/carrosserie\/2026\/08\/31\/le-ccif-de-montreal-sadresse-aux-carrossiers-quebecois\/","og_locale":"fr_FR","og_type":"article","og_title":"Le CCIF de Montr\u00e9al s\u2019adresse aux carrossiers qu\u00e9b\u00e9cois","og_description":"Le 17 septembre prochain, le Forum canadien de l\u2019industrie de la carrosserie (CCIF) qui se d\u00e9roulera \u00e0 Montr\u00e9al pr\u00e9sente un programme qui interpelle directement les carrossiers qu\u00e9b\u00e9cois.","og_url":"https:\/\/autosphere.ca\/fr\/carrosserie\/2026\/08\/31\/le-ccif-de-montreal-sadresse-aux-carrossiers-quebecois\/","og_site_name":"Autosphere","article_publisher":"https:\/\/www.facebook.com\/autosphere.ca","article_published_time":"2026-08-31T14:55:35+00:00","article_modified_time":"2026-08-31T14:56:35+00:00","og_image":[{"width":758,"height":585,"url":"https:\/\/autosphere.ca\/wp-content\/uploads\/2026\/08\/AAA-7-8.jpg","type":"image\/jpeg"}],"author":"Autosphere","twitter_card":"summary_large_image","twitter_creator":"@autosphere_ca","twitter_site":"@autosphere_ca","twitter_misc":{"\u00c9crit par":"Autosphere","Dur\u00e9e de lecture estim\u00e9e":"2 minutes"},"schema":{"@context":"https:\/\/schema.org","@graph":[{"@type":"Article","@id":"https:\/\/autosphere.ca\/fr\/carrosserie\/2026\/08\/31\/le-ccif-de-montreal-sadresse-aux-carrossiers-quebecois\/#article","isPartOf":{"@id":"https:\/\/autosphere.ca\/fr\/carrosserie\/2026\/08\/31\/le-ccif-de-montreal-sadresse-aux-carrossiers-quebecois\/"},"author":{"name":"Autosphere","@id":"https:\/\/autosphere.ca\/fr\/#\/schema\/person\/ff9c09c47127ce21917a66cfc3eec193"},"headline":"Le CCIF de Montr\u00e9al s\u2019adresse aux carrossiers qu\u00e9b\u00e9cois","datePublished":"2026-08-31T14:55:35+00:00","dateModified":"2026-08-31T14:56:35+00:00","mainEntityOfPage":{"@id":"https:\/\/autosphere.ca\/fr\/carrosserie\/2026\/08\/31\/le-ccif-de-montreal-sadresse-aux-carrossiers-quebecois\/"},"wordCount":360,"publisher":{"@id":"https:\/\/autosphere.ca\/fr\/#organization"},"image":{"@id":"https:\/\/autosphere.ca\/fr\/carrosserie\/2026\/08\/31\/le-ccif-de-montreal-sadresse-aux-carrossiers-quebecois\/#primaryimage"},"thumbnailUrl":"https:\/\/autosphere.ca\/wp-content\/uploads\/2026\/08\/AAA-7-8.jpg","keywords":["CCIF"],"articleSection":["Carrosserie","Communiqu\u00e9 de presse"],"inLanguage":"fr-FR","copyrightYear":"2026","copyrightHolder":{"@id":"https:\/\/autosphere.ca\/#organization"}},{"@type":"WebPage","@id":"https:\/\/autosphere.ca\/fr\/carrosserie\/2026\/08\/31\/le-ccif-de-montreal-sadresse-aux-carrossiers-quebecois\/","url":"https:\/\/autosphere.ca\/fr\/carrosserie\/2026\/08\/31\/le-ccif-de-montreal-sadresse-aux-carrossiers-quebecois\/","name":"Le CCIF de Montr\u00e9al s\u2019adresse aux carrossiers qu\u00e9b\u00e9cois - Autosphere","isPartOf":{"@id":"https:\/\/autosphere.ca\/fr\/#website"},"primaryImageOfPage":{"@id":"https:\/\/autosphere.ca\/fr\/carrosserie\/2026\/08\/31\/le-ccif-de-montreal-sadresse-aux-carrossiers-quebecois\/#primaryimage"},"image":{"@id":"https:\/\/autosphere.ca\/fr\/carrosserie\/2026\/08\/31\/le-ccif-de-montreal-sadresse-aux-carrossiers-quebecois\/#primaryimage"},"thumbnailUrl":"https:\/\/autosphere.ca\/wp-content\/uploads\/2026\/08\/AAA-7-8.jpg","datePublished":"2026-08-31T14:55:35+00:00","dateModified":"2026-08-31T14:56:35+00:00","description":"Le 17 septembre prochain, le Forum canadien de l\u2019industrie de la carrosserie (CCIF) qui se d\u00e9roulera \u00e0 Montr\u00e9al pr\u00e9sente un programme qui interpelle directement les carrossiers qu\u00e9b\u00e9cois.","breadcrumb":{"@id":"https:\/\/autosphere.ca\/fr\/carrosserie\/2026\/08\/31\/le-ccif-de-montreal-sadresse-aux-carrossiers-quebecois\/#breadcrumb"},"inLanguage":"fr-FR","potentialAction":[{"@type":"ReadAction","target":["https:\/\/autosphere.ca\/fr\/carrosserie\/2026\/08\/31\/le-ccif-de-montreal-sadresse-aux-carrossiers-quebecois\/"]}]},{"@type":"ImageObject","inLanguage":"fr-FR","@id":"https:\/\/autosphere.ca\/fr\/carrosserie\/2026\/08\/31\/le-ccif-de-montreal-sadresse-aux-carrossiers-quebecois\/#primaryimage","url":"https:\/\/autosphere.ca\/wp-content\/uploads\/2026\/08\/AAA-7-8.jpg","contentUrl":"https:\/\/autosphere.ca\/wp-content\/uploads\/2026\/08\/AAA-7-8.jpg","width":758,"height":585},{"@type":"BreadcrumbList","@id":"https:\/\/autosphere.ca\/fr\/carrosserie\/2026\/08\/31\/le-ccif-de-montreal-sadresse-aux-carrossiers-quebecois\/#breadcrumb","itemListElement":[{"@type":"ListItem","position":1,"name":"Autosphere","item":"https:\/\/autosphere.ca\/fr\/"},{"@type":"ListItem","position":2,"name":"Carrosserie","item":"https:\/\/autosphere.ca\/fr\/category\/carrosserie\/"},{"@type":"ListItem","position":3,"name":"Le CCIF de Montr\u00e9al s\u2019adresse aux carrossiers qu\u00e9b\u00e9cois"}]},{"@type":"WebSite","@id":"https:\/\/autosphere.ca\/fr\/#website","url":"https:\/\/autosphere.ca\/fr\/","name":"Autosphere","description":"Articles et nouvelles de l&#039;industrie automobile","publisher":{"@id":"https:\/\/autosphere.ca\/fr\/#organization"},"potentialAction":[{"@type":"SearchAction","target":{"@type":"EntryPoint","urlTemplate":"https:\/\/autosphere.ca\/fr\/?s={search_term_string}"},"query-input":{"@type":"PropertyValueSpecification","valueRequired":true,"valueName":"search_term_string"}}],"inLanguage":"fr-FR"},{"@type":"Organization","@id":"https:\/\/autosphere.ca\/fr\/#organization","name":"Autosphere","url":"https:\/\/autosphere.ca\/fr\/","logo":{"@type":"ImageObject","inLanguage":"fr-FR","@id":"https:\/\/autosphere.ca\/fr\/#\/schema\/logo\/image\/","url":"https:\/\/autosphere.ca\/wp-content\/uploads\/2021\/06\/AutosphereLogo-SM.png","contentUrl":"https:\/\/autosphere.ca\/wp-content\/uploads\/2021\/06\/AutosphereLogo-SM.png","width":586,"height":586,"caption":"Autosphere"},"image":{"@id":"https:\/\/autosphere.ca\/fr\/#\/schema\/logo\/image\/"},"sameAs":["https:\/\/www.facebook.com\/autosphere.ca","https:\/\/x.com\/autosphere_ca","https:\/\/www.linkedin.com\/company\/autosphere-en"]},{"@type":"Person","@id":"https:\/\/autosphere.ca\/fr\/#\/schema\/person\/ff9c09c47127ce21917a66cfc3eec193","name":"Autosphere","image":{"@type":"ImageObject","inLanguage":"fr-FR","@id":"https:\/\/secure.gravatar.com\/avatar\/7902cacedf6834a87d945093aa200ff224945e9d18489bcd83ab0447f70000be?s=96&d=mm&r=g","url":"https:\/\/secure.gravatar.com\/avatar\/7902cacedf6834a87d945093aa200ff224945e9d18489bcd83ab0447f70000be?s=96&d=mm&r=g","contentUrl":"https:\/\/secure.gravatar.com\/avatar\/7902cacedf6834a87d945093aa200ff224945e9d18489bcd83ab0447f70000be?s=96&d=mm&r=g","caption":"Autosphere"},"url":"https:\/\/autosphere.ca\/fr\/author\/janick-murray-hall\/"}]}},"_links":{"self":[{"href":"https:\/\/autosphere.ca\/fr\/wp-json\/wp\/v2\/posts\/462814","targetHints":{"allow":["GET"]}}],"collection":[{"href":"https:\/\/autosphere.ca\/fr\/wp-json\/wp\/v2\/posts"}],"about":[{"href":"https:\/\/autosphere.ca\/fr\/wp-json\/wp\/v2\/types\/post"}],"author":[{"embeddable":true,"href":"https:\/\/autosphere.ca\/fr\/wp-json\/wp\/v2\/users\/526"}],"replies":[{"embeddable":true,"href":"https:\/\/autosphere.ca\/fr\/wp-json\/wp\/v2\/comments?post=462814"}],"version-history":[{"count":2,"href":"https:\/\/autosphere.ca\/fr\/wp-json\/wp\/v2\/posts\/462814\/revisions"}],"predecessor-version":[{"id":462818,"href":"https:\/\/autosphere.ca\/fr\/wp-json\/wp\/v2\/posts\/462814\/revisions\/462818"}],"wp:featuredmedia":[{"embeddable":true,"href":"https:\/\/autosphere.ca\/fr\/wp-json\/wp\/v2\/media\/462815"}],"wp:attachment":[{"href":"https:\/\/autosphere.ca\/fr\/wp-json\/wp\/v2\/media?parent=462814"}],"wp:term":[{"taxonomy":"category","embeddable":true,"href":"https:\/\/autosphere.ca\/fr\/wp-json\/wp\/v2\/categories?post=462814"},{"taxonomy":"post_tag","embeddable":true,"href":"https:\/\/autosphere.ca\/fr\/wp-json\/wp\/v2\/tags?post=462814"}],"curies":[{"name":"wp","href":"https:\/\/api.w.org\/{rel}","templated":true}]}}