{"id":462804,"date":"2026-08-31T10:48:28","date_gmt":"2026-08-31T14:48:28","guid":{"rendered":"https:\/\/autosphere.ca\/?p=462804"},"modified":"2026-08-31T10:48:28","modified_gmt":"2026-08-31T14:48:28","slug":"optimiser-les-heures-facturables-en-atelier-de-mecanique","status":"publish","type":"post","link":"https:\/\/autosphere.ca\/fr\/mecanique\/2026\/08\/31\/optimiser-les-heures-facturables-en-atelier-de-mecanique\/","title":{"rendered":"Optimiser les heures facturables en atelier de m\u00e9canique"},"content":{"rendered":"<p><strong><span style=\"font-style: normal; font-variant: normal; text-decoration: none;\">Est-il possible d&rsquo;optimiser les heures factur\u00e9es par l&rsquo;atelier sans exercer de pression indue sur le consommateur ou le technicien ?<\/span><\/strong><\/p>\n<p>Nous avons abord\u00e9 cet enjeu crucial pour la profitabilit\u00e9 des entreprises avec Mario Comtois, directeur du d\u00e9veloppement des affaires chez PME Guru, et Antoine Janisse, directeur de comptes et formation pour Vast-Auto Distribution \/ O&rsquo;Reilly Pi\u00e8ces d&rsquo;auto. Tous deux sont experts en optimisation des op\u00e9rations des ateliers de m\u00e9canique, avec lesquels ils travaillent \u00e9troitement.<\/p>\n<p><span style=\"font-style: normal; font-variant: normal; text-decoration: none;\">L&rsquo;id\u00e9e de ce reportage d\u00e9coule d&rsquo;un constat : \u00ab L&rsquo;indicateur de taux horaire r\u00e9el, \u00e9tabli par Shop-Guru aupr\u00e8s de nos ateliers membres, d\u00e9montre que pr\u00e8s de 25 % des heures disponibles ne sont pas factur\u00e9es, explique M. Comtois. Peu d&rsquo;ateliers facturent 100 % des heures disponibles en raison des pertes de temps, des heures non poin\u00e7onn\u00e9es, d&rsquo;un manque de travail ou d&rsquo;une planification inad\u00e9quate. \u00bb<\/span><\/p>\n<p><span style=\"font-style: normal; font-variant: normal; text-decoration: none;\">Concr\u00e8tement, selon les calculs de M. Comtois, ces heures qui \u00e9chappent au syst\u00e8me repr\u00e9sentent, pour un atelier dont le taux horaire est de 120 $ et qui compte quatre techniciens, un manque \u00e0 gagner annuel de 27 960 $.<\/span><\/p>\n<p><strong>Battre l&rsquo;estimation<\/strong><\/p>\n<p><span style=\"font-style: normal; font-variant: normal; text-decoration: none;\">Est-il r\u00e9aliste de facturer 100 % des heures pay\u00e9es aux techniciens, sachant que sur un horaire de 40 heures par semaine, certaines seront consacr\u00e9es aux pauses et aux repas ? \u00ab Oui, r\u00e9pond Mario Comtois, un bon technicien d\u00e9passe r\u00e9guli\u00e8rement les estimations de temps allou\u00e9es pour les travaux. Ainsi, certains ateliers parviennent \u00e0 facturer plus de 100 % des heures disponibles. \u00bb<\/span><\/p>\n<p><span style=\"font-style: normal; font-variant: normal; text-decoration: none;\">D&rsquo;accord, mais il s&rsquo;agit d&rsquo;une poign\u00e9e d&rsquo;ateliers qui g\u00e8rent leur horaire avec une pr\u00e9cision d&rsquo;horloger.<\/span><\/p>\n<p><span style=\"font-style: normal; font-variant: normal; text-decoration: none;\">\u00ab Tout part du calendrier, confirme Antoine Janisse. La premi\u00e8re responsabilit\u00e9 du gestionnaire d&rsquo;atelier est de garder ses techniciens occup\u00e9s. L&rsquo;objectif n&rsquo;est pas de multiplier les rendez-vous, car souvent, faire moins, c&rsquo;est faire mieux. Il faut remplir l&rsquo;horaire avec une estimation pr\u00e9cise des temps n\u00e9cessaires \u00e0 la r\u00e9alisation des travaux, faire un rappel une semaine avant le rendez-vous, puis la veille, pour \u00e9viter les mauvaises surprises. \u00bb<\/span><\/p>\n<p><span style=\"font-style: normal; font-variant: normal; text-decoration: none;\">M. Janisse, parmi d&rsquo;autres conseils, recommande aux ateliers de pr\u00eater attention aux travaux d&rsquo;entretien qu&rsquo;ils proposent en forfait. Par exemple, un forfait d&rsquo;entretien de freins ne devrait pas exiger plus de temps ou de mat\u00e9riel que ce qui est couvert par la facture. Si des offres \u00e0 perte peuvent sembler une bonne strat\u00e9gie pour attirer de nouveaux clients, la pratique peut s&rsquo;av\u00e9rer ruineuse pour l&rsquo;atelier si elle est mal g\u00e9r\u00e9e.<\/span><\/p>\n<p><span style=\"font-style: normal; font-variant: normal; text-decoration: none;\">Fran\u00e7ois Paquet est g\u00e9rant du Centre de l&rsquo;auto de Boucherville depuis 25 ans. Il figure parmi les champions de l&rsquo;efficacit\u00e9 des op\u00e9rations aux yeux de Mario Comtois. Nous avons demand\u00e9 au gestionnaire comment il optimisait les heures de ses techniciens.<\/span><\/p>\n<figure id=\"attachment_462809\" aria-describedby=\"caption-attachment-462809\" style=\"width: 300px\" class=\"wp-caption aligncenter\"><img loading=\"lazy\" decoding=\"async\" class=\"wp-image-462809 size-medium\" src=\"https:\/\/autosphere.ca\/wp-content\/uploads\/2026\/08\/AAA-5-10-300x232.jpg\" alt=\"\" width=\"300\" height=\"232\" srcset=\"https:\/\/autosphere.ca\/wp-content\/uploads\/2026\/08\/AAA-5-10-300x232.jpg 300w, https:\/\/autosphere.ca\/wp-content\/uploads\/2026\/08\/AAA-5-10-535x413.jpg 535w, https:\/\/autosphere.ca\/wp-content\/uploads\/2026\/08\/AAA-5-10-600x463.jpg 600w, https:\/\/autosphere.ca\/wp-content\/uploads\/2026\/08\/AAA-5-10.jpg 758w\" sizes=\"auto, (max-width: 300px) 100vw, 300px\" \/><figcaption id=\"caption-attachment-462809\" class=\"wp-caption-text\">Fran\u00e7ois Paquet est g\u00e9rant du Centre de l&rsquo;auto de Boucherville depuis 25 ans.<\/figcaption><\/figure>\n<p><strong>Des trucs concrets<\/strong><\/p>\n<p><span style=\"font-style: normal; font-variant: normal; text-decoration: none;\">\u00ab Nous limitons \u00e0 quatre le nombre de rendez-vous quotidiens pour chacun de nos cinq techniciens. \u00c9videmment, nous avons toujours une petite marge pour g\u00e9rer les urgences. En r\u00e9duisant le nombre de rendez-vous, nous avons constat\u00e9 une augmentation de la valeur moyenne des factures. De plus, puisque nous avons le temps de bien faire le tour du v\u00e9hicule et d&rsquo;identifier tous les besoins d&rsquo;entretien, nous pouvons constituer des dossiers pour les entretiens \u00e0 venir et les r\u00e9partir dans le temps. En optimisant les travaux, nous r\u00e9ussissons \u00e0 r\u00e9aliser en moyenne 70 % des entretiens lors du rendez-vous. Et le client repart avec sa facture, une estimation des prochains travaux et, id\u00e9alement, un rendez-vous pour les r\u00e9aliser. \u00bb<\/span><\/p>\n<p><span style=\"font-style: normal; font-variant: normal; text-decoration: none;\">Dans cet atelier, afin de contr\u00f4ler le temps, les techniciens utilisent un poin\u00e7on (horodateur) d\u00e8s qu&rsquo;ils prennent un v\u00e9hicule en charge. \u00ab Il faut mesurer notre temps, reprend M. Paquet. Par exemple, le diagnostic \u00e9lectronique demande parfois plus de temps que pr\u00e9vu ; il faut le savoir et aviser le client si on veut se faire payer. \u00bb<\/span><\/p>\n<p><span style=\"font-style: normal; font-variant: normal; text-decoration: none;\">L&rsquo;atelier a mis en place un syst\u00e8me de bonus bas\u00e9 sur l&rsquo;atteinte des objectifs de productivit\u00e9. Cela exige une grande transparence de la part du gestionnaire. \u00ab Si les r\u00e9sultats sont bons, toute l&rsquo;\u00e9quipe en profite, souligne M. Paquet. Cela am\u00e8ne nos techniciens \u00e0 travailler ensemble pour d\u00e9passer les pr\u00e9visions. \u00bb<\/span><\/p>\n<p><span style=\"font-style: normal; font-variant: normal; text-decoration: none;\">Au Garage Donald Viens et fils de Longueuil, les techniciens utilisent \u00e9galement le poin\u00e7on d\u00e8s que la voiture leur est confi\u00e9e. Cet outil a \u00e9t\u00e9 utile pour \u00e9tablir une strat\u00e9gie de prise de contr\u00f4le du calendrier de l&rsquo;atelier.<\/span><\/p>\n<p><span style=\"font-style: normal; font-variant: normal; text-decoration: none;\">Sonia Comtois, copropri\u00e9taire de l&rsquo;atelier familial avec son conjoint Guy Viens, a travaill\u00e9 avec PME Guru notamment pour mieux ma\u00eetriser la r\u00e9partition du travail. \u00ab Nous voulons toujours nous am\u00e9liorer et nous apprenons sans cesse. \u00bb<\/span><\/p>\n<p><span style=\"font-style: normal; font-variant: normal; text-decoration: none;\">Concr\u00e8tement, l&rsquo;atelier a r\u00e9duit ce que Mme Comtois qualifie de <\/span><span style=\"font-style: italic; font-variant: normal; text-decoration: none;\">\u00ab petits rendez-vous<\/span><span style=\"font-style: normal; font-variant: normal; text-decoration: none;\"> \u00bb pour les consolider en rendez-vous plus int\u00e9ressants et plus rentables.<\/span><\/p>\n<p><span style=\"font-style: normal; font-variant: normal; text-decoration: none;\">Ici aussi, l&rsquo;utilisation de l&rsquo;horodateur permet d&rsquo;identifier les probl\u00e8mes potentiels, de voir s&rsquo;il faut aviser le client d&rsquo;un d\u00e9passement de temps et de s&rsquo;assurer que chaque heure travaill\u00e9e se retrouve sur la facture.<\/span><\/p>\n<p><span style=\"font-style: normal; font-variant: normal; text-decoration: none;\">En g\u00e9n\u00e9ral, le poin\u00e7on peut aussi aider les gestionnaires \u00e0 orienter les techniciens vers les travaux pour lesquels ils ont plus de facilit\u00e9 ou \u00e0 envisager de bonifier leur formation.<\/span><\/p>\n<p><span style=\"font-style: normal; font-variant: normal; text-decoration: none;\">Pour s&rsquo;assurer d&rsquo;optimiser les heures disponibles, Mme Comtois confirme la pr\u00e9sence des clients et, s&rsquo;il arrive qu&rsquo;ils se d\u00e9sistent, elle garde \u00e0 port\u00e9e de main une liste de clients en attente qu&rsquo;elle peut ins\u00e9rer \u00e0 leur place.<\/span><\/p>\n<p><span style=\"font-style: normal; font-variant: normal; text-decoration: none;\">Au fil des ann\u00e9es et sur deux g\u00e9n\u00e9rations, cet atelier a tiss\u00e9 des liens \u00e9troits avec ses clients. \u00ab Ici, nous connaissons l&rsquo;historique du v\u00e9hicule, ne for\u00e7ons pas la vente, mais effectuons une inspection rigoureuse. De plus, nous proposons toujours les pi\u00e8ces de remplacement de la meilleure qualit\u00e9 ; c&rsquo;est \u00e0 notre client de voir s&rsquo;il souhaite un choix plus \u00e9conomique. \u00bb<\/span><\/p>\n<figure id=\"attachment_462807\" aria-describedby=\"caption-attachment-462807\" style=\"width: 300px\" class=\"wp-caption aligncenter\"><img loading=\"lazy\" decoding=\"async\" class=\"wp-image-462807 size-medium\" src=\"https:\/\/autosphere.ca\/wp-content\/uploads\/2026\/08\/AAA-4-10-300x232.jpg\" alt=\"\" width=\"300\" height=\"232\" srcset=\"https:\/\/autosphere.ca\/wp-content\/uploads\/2026\/08\/AAA-4-10-300x232.jpg 300w, https:\/\/autosphere.ca\/wp-content\/uploads\/2026\/08\/AAA-4-10-535x413.jpg 535w, https:\/\/autosphere.ca\/wp-content\/uploads\/2026\/08\/AAA-4-10-600x463.jpg 600w, https:\/\/autosphere.ca\/wp-content\/uploads\/2026\/08\/AAA-4-10.jpg 758w\" sizes=\"auto, (max-width: 300px) 100vw, 300px\" \/><figcaption id=\"caption-attachment-462807\" class=\"wp-caption-text\">Sonia Comtois et son conjoint, Guy Viens, devant leur atelier de Longueuil. Cr\u00e9dit : Garage Viens<\/figcaption><\/figure>\n<p><strong>Et le taux horaire ?<\/strong><\/p>\n<p><span style=\"font-style: normal; font-variant: normal; text-decoration: none;\">L&rsquo;augmentation du taux horaire peut \u00eatre per\u00e7ue comme le moyen le plus simple et rapide d&rsquo;accro\u00eetre la profitabilit\u00e9 d&rsquo;un atelier de m\u00e9canique. \u00ab On a beau afficher un taux horaire \u00e9lev\u00e9, si on accumule les pertes de temps par une mauvaise gestion du calendrier de l&rsquo;atelier, le taux horaire r\u00e9el sera beaucoup moindre \u00bb, insiste Mario Comtois. \u00ab Selon moi, la premi\u00e8re chose \u00e0 faire, \u00e0 l&rsquo;instar des ateliers figurant dans cet article, est d&rsquo;optimiser les horaires et de mesurer les heures r\u00e9ellement consacr\u00e9es aux travaux. \u00bb<\/span><\/p>\n<p><span style=\"font-style: normal; font-variant: normal; text-decoration: none;\">Antoine Janisse abonde dans le m\u00eame sens. \u00ab Tout part du calendrier. Il faut le remplir 12 mois par ann\u00e9e en planifiant les travaux moins urgents durant les p\u00e9riodes tranquilles. Si un technicien se tourne les pouces, c&rsquo;est souvent \u00e0 cause d&rsquo;un trou dans l&rsquo;horaire, d&rsquo;une pi\u00e8ce qu\u2019on aura oubli\u00e9e de commander ou d&rsquo;un \u00e9quipement sp\u00e9cialis\u00e9 non disponible. L&rsquo;aviseur technique au comptoir est le pivot des op\u00e9rations ; il doit \u00e0 la fois prendre le temps d&rsquo;expliquer au client ce qui va \u00eatre fait et s&rsquo;assurer, en coulisses, que tout est pr\u00eat pour le servir dans les temps allou\u00e9s. \u00bb<\/span><\/p>\n<p><span style=\"font-style: normal; font-variant: normal; text-decoration: none;\">Selon lui, un horaire rempli, des techniciens affect\u00e9s aux bonnes t\u00e2ches et une communication simplifi\u00e9e avec le client peuvent se combiner pour r\u00e9cup\u00e9rer les heures perdues par manque d&rsquo;efficacit\u00e9.<\/span><\/p>\n<p><span style=\"font-style: normal; font-variant: normal; text-decoration: none;\">Bref, ces deux experts s&rsquo;accordent \u00e0 dire qu&rsquo;avant d&rsquo;augmenter le taux horaire, il est pr\u00e9f\u00e9rable de viser \u00e0 facturer le maximum d&rsquo;heures disponibles.<\/span><\/p>\n<figure id=\"attachment_462811\" aria-describedby=\"caption-attachment-462811\" style=\"width: 300px\" class=\"wp-caption aligncenter\"><img loading=\"lazy\" decoding=\"async\" class=\"wp-image-462811 size-medium\" src=\"https:\/\/autosphere.ca\/wp-content\/uploads\/2026\/08\/AAA-6-12-300x232.jpg\" alt=\"\" width=\"300\" height=\"232\" srcset=\"https:\/\/autosphere.ca\/wp-content\/uploads\/2026\/08\/AAA-6-12-300x232.jpg 300w, https:\/\/autosphere.ca\/wp-content\/uploads\/2026\/08\/AAA-6-12-535x413.jpg 535w, https:\/\/autosphere.ca\/wp-content\/uploads\/2026\/08\/AAA-6-12-600x463.jpg 600w, https:\/\/autosphere.ca\/wp-content\/uploads\/2026\/08\/AAA-6-12.jpg 758w\" sizes=\"auto, (max-width: 300px) 100vw, 300px\" \/><figcaption id=\"caption-attachment-462811\" class=\"wp-caption-text\">Antoine Janisse de Vast-Auto \/ O&rsquo;Reilly Pie\u0300ces d&rsquo;auto. Cr\u00e9dit : Vast Auto<\/figcaption><\/figure>\n","protected":false},"excerpt":{"rendered":"<p>Est-il possible d&rsquo;optimiser les heures factur\u00e9es par l&rsquo;atelier sans exercer de pression indue sur le consommateur ou le technicien ? Nous avons abord\u00e9 cet enjeu crucial pour la profitabilit\u00e9 des entreprises avec Mario Comtois, directeur du d\u00e9veloppement des affaires chez PME Guru, et Antoine Janisse, directeur de comptes et formation pour Vast-Auto Distribution \/ O&rsquo;Reilly&#8230;<\/p>\n","protected":false},"author":395,"featured_media":462805,"comment_status":"closed","ping_status":"open","sticky":false,"template":"","format":"standard","meta":{"_acf_changed":false,"footnotes":""},"categories":[820,632],"tags":[10478],"class_list":["post-462804","post","type-post","status-publish","format-standard","has-post-thumbnail","hentry","category-mecanique-editorial","category-mecanique","tag-heures-facturees"],"acf":[],"yoast_head":"<!-- This site is optimized with the Yoast SEO Premium plugin v27.7 (Yoast SEO v27.7) - https:\/\/yoast.com\/product\/yoast-seo-premium-wordpress\/ -->\n<title>Optimiser les heures facturables en atelier de m\u00e9canique - Autosphere<\/title>\n<meta name=\"description\" content=\"Est-il possible d&#039;optimiser les heures factur\u00e9es par l&#039;atelier sans exercer de pression indue sur le consommateur ou le technicien ?\" \/>\n<meta name=\"robots\" content=\"index, follow, max-snippet:-1, max-image-preview:large, max-video-preview:-1\" \/>\n<link rel=\"canonical\" href=\"https:\/\/autosphere.ca\/fr\/mecanique\/2026\/08\/31\/optimiser-les-heures-facturables-en-atelier-de-mecanique\/\" \/>\n<meta property=\"og:locale\" content=\"fr_FR\" \/>\n<meta property=\"og:type\" content=\"article\" \/>\n<meta property=\"og:title\" content=\"Optimiser les heures facturables en atelier de m\u00e9canique\" \/>\n<meta property=\"og:description\" content=\"Est-il possible d&#039;optimiser les heures factur\u00e9es par l&#039;atelier sans exercer de pression indue sur le consommateur ou le technicien ?\" \/>\n<meta property=\"og:url\" content=\"https:\/\/autosphere.ca\/fr\/mecanique\/2026\/08\/31\/optimiser-les-heures-facturables-en-atelier-de-mecanique\/\" \/>\n<meta property=\"og:site_name\" content=\"Autosphere\" \/>\n<meta property=\"article:publisher\" content=\"https:\/\/www.facebook.com\/autosphere.ca\" \/>\n<meta property=\"article:published_time\" content=\"2026-08-31T14:48:28+00:00\" \/>\n<meta property=\"og:image\" content=\"https:\/\/autosphere.ca\/wp-content\/uploads\/2026\/08\/AAA-3-9.jpg\" \/>\n\t<meta property=\"og:image:width\" content=\"758\" \/>\n\t<meta property=\"og:image:height\" content=\"585\" \/>\n\t<meta property=\"og:image:type\" content=\"image\/jpeg\" \/>\n<meta name=\"author\" content=\"Mario Comtois\" \/>\n<meta name=\"twitter:card\" content=\"summary_large_image\" \/>\n<meta name=\"twitter:creator\" content=\"@autosphere_ca\" \/>\n<meta name=\"twitter:site\" content=\"@autosphere_ca\" \/>\n<meta name=\"twitter:label1\" content=\"\u00c9crit par\" \/>\n\t<meta name=\"twitter:data1\" content=\"Mario Comtois\" \/>\n\t<meta name=\"twitter:label2\" content=\"Dur\u00e9e de lecture estim\u00e9e\" \/>\n\t<meta name=\"twitter:data2\" content=\"7 minutes\" \/>\n<script type=\"application\/ld+json\" class=\"yoast-schema-graph\">{\"@context\":\"https:\\\/\\\/schema.org\",\"@graph\":[{\"@type\":\"Article\",\"@id\":\"https:\\\/\\\/autosphere.ca\\\/fr\\\/mecanique\\\/2026\\\/08\\\/31\\\/optimiser-les-heures-facturables-en-atelier-de-mecanique\\\/#article\",\"isPartOf\":{\"@id\":\"https:\\\/\\\/autosphere.ca\\\/fr\\\/mecanique\\\/2026\\\/08\\\/31\\\/optimiser-les-heures-facturables-en-atelier-de-mecanique\\\/\"},\"author\":{\"name\":\"Mario Comtois\",\"@id\":\"https:\\\/\\\/autosphere.ca\\\/fr\\\/#\\\/schema\\\/person\\\/c95c44878e97c8f47193f70320440eac\"},\"headline\":\"Optimiser les heures facturables en atelier de m\u00e9canique\",\"datePublished\":\"2026-08-31T14:48:28+00:00\",\"mainEntityOfPage\":{\"@id\":\"https:\\\/\\\/autosphere.ca\\\/fr\\\/mecanique\\\/2026\\\/08\\\/31\\\/optimiser-les-heures-facturables-en-atelier-de-mecanique\\\/\"},\"wordCount\":1357,\"publisher\":{\"@id\":\"https:\\\/\\\/autosphere.ca\\\/fr\\\/#organization\"},\"image\":{\"@id\":\"https:\\\/\\\/autosphere.ca\\\/fr\\\/mecanique\\\/2026\\\/08\\\/31\\\/optimiser-les-heures-facturables-en-atelier-de-mecanique\\\/#primaryimage\"},\"thumbnailUrl\":\"https:\\\/\\\/autosphere.ca\\\/wp-content\\\/uploads\\\/2026\\\/08\\\/AAA-3-9.jpg\",\"keywords\":[\"heures factur\u00e9es\"],\"articleSection\":[\"\u00c9ditorial\",\"M\u00e9canique\"],\"inLanguage\":\"fr-FR\",\"copyrightYear\":\"2026\",\"copyrightHolder\":{\"@id\":\"https:\\\/\\\/autosphere.ca\\\/#organization\"}},{\"@type\":\"WebPage\",\"@id\":\"https:\\\/\\\/autosphere.ca\\\/fr\\\/mecanique\\\/2026\\\/08\\\/31\\\/optimiser-les-heures-facturables-en-atelier-de-mecanique\\\/\",\"url\":\"https:\\\/\\\/autosphere.ca\\\/fr\\\/mecanique\\\/2026\\\/08\\\/31\\\/optimiser-les-heures-facturables-en-atelier-de-mecanique\\\/\",\"name\":\"Optimiser les heures facturables en atelier de m\u00e9canique - Autosphere\",\"isPartOf\":{\"@id\":\"https:\\\/\\\/autosphere.ca\\\/fr\\\/#website\"},\"primaryImageOfPage\":{\"@id\":\"https:\\\/\\\/autosphere.ca\\\/fr\\\/mecanique\\\/2026\\\/08\\\/31\\\/optimiser-les-heures-facturables-en-atelier-de-mecanique\\\/#primaryimage\"},\"image\":{\"@id\":\"https:\\\/\\\/autosphere.ca\\\/fr\\\/mecanique\\\/2026\\\/08\\\/31\\\/optimiser-les-heures-facturables-en-atelier-de-mecanique\\\/#primaryimage\"},\"thumbnailUrl\":\"https:\\\/\\\/autosphere.ca\\\/wp-content\\\/uploads\\\/2026\\\/08\\\/AAA-3-9.jpg\",\"datePublished\":\"2026-08-31T14:48:28+00:00\",\"description\":\"Est-il possible d'optimiser les heures factur\u00e9es par l'atelier sans exercer de pression indue sur le consommateur ou le technicien ?\",\"breadcrumb\":{\"@id\":\"https:\\\/\\\/autosphere.ca\\\/fr\\\/mecanique\\\/2026\\\/08\\\/31\\\/optimiser-les-heures-facturables-en-atelier-de-mecanique\\\/#breadcrumb\"},\"inLanguage\":\"fr-FR\",\"potentialAction\":[{\"@type\":\"ReadAction\",\"target\":[\"https:\\\/\\\/autosphere.ca\\\/fr\\\/mecanique\\\/2026\\\/08\\\/31\\\/optimiser-les-heures-facturables-en-atelier-de-mecanique\\\/\"]}]},{\"@type\":\"ImageObject\",\"inLanguage\":\"fr-FR\",\"@id\":\"https:\\\/\\\/autosphere.ca\\\/fr\\\/mecanique\\\/2026\\\/08\\\/31\\\/optimiser-les-heures-facturables-en-atelier-de-mecanique\\\/#primaryimage\",\"url\":\"https:\\\/\\\/autosphere.ca\\\/wp-content\\\/uploads\\\/2026\\\/08\\\/AAA-3-9.jpg\",\"contentUrl\":\"https:\\\/\\\/autosphere.ca\\\/wp-content\\\/uploads\\\/2026\\\/08\\\/AAA-3-9.jpg\",\"width\":758,\"height\":585},{\"@type\":\"BreadcrumbList\",\"@id\":\"https:\\\/\\\/autosphere.ca\\\/fr\\\/mecanique\\\/2026\\\/08\\\/31\\\/optimiser-les-heures-facturables-en-atelier-de-mecanique\\\/#breadcrumb\",\"itemListElement\":[{\"@type\":\"ListItem\",\"position\":1,\"name\":\"Autosphere\",\"item\":\"https:\\\/\\\/autosphere.ca\\\/fr\\\/\"},{\"@type\":\"ListItem\",\"position\":2,\"name\":\"M\u00e9canique\",\"item\":\"https:\\\/\\\/autosphere.ca\\\/fr\\\/category\\\/mecanique\\\/\"},{\"@type\":\"ListItem\",\"position\":3,\"name\":\"Optimiser les heures facturables en atelier de m\u00e9canique\"}]},{\"@type\":\"WebSite\",\"@id\":\"https:\\\/\\\/autosphere.ca\\\/fr\\\/#website\",\"url\":\"https:\\\/\\\/autosphere.ca\\\/fr\\\/\",\"name\":\"Autosphere\",\"description\":\"Articles et nouvelles de l&#039;industrie automobile\",\"publisher\":{\"@id\":\"https:\\\/\\\/autosphere.ca\\\/fr\\\/#organization\"},\"potentialAction\":[{\"@type\":\"SearchAction\",\"target\":{\"@type\":\"EntryPoint\",\"urlTemplate\":\"https:\\\/\\\/autosphere.ca\\\/fr\\\/?s={search_term_string}\"},\"query-input\":{\"@type\":\"PropertyValueSpecification\",\"valueRequired\":true,\"valueName\":\"search_term_string\"}}],\"inLanguage\":\"fr-FR\"},{\"@type\":\"Organization\",\"@id\":\"https:\\\/\\\/autosphere.ca\\\/fr\\\/#organization\",\"name\":\"Autosphere\",\"url\":\"https:\\\/\\\/autosphere.ca\\\/fr\\\/\",\"logo\":{\"@type\":\"ImageObject\",\"inLanguage\":\"fr-FR\",\"@id\":\"https:\\\/\\\/autosphere.ca\\\/fr\\\/#\\\/schema\\\/logo\\\/image\\\/\",\"url\":\"https:\\\/\\\/autosphere.ca\\\/wp-content\\\/uploads\\\/2021\\\/06\\\/AutosphereLogo-SM.png\",\"contentUrl\":\"https:\\\/\\\/autosphere.ca\\\/wp-content\\\/uploads\\\/2021\\\/06\\\/AutosphereLogo-SM.png\",\"width\":586,\"height\":586,\"caption\":\"Autosphere\"},\"image\":{\"@id\":\"https:\\\/\\\/autosphere.ca\\\/fr\\\/#\\\/schema\\\/logo\\\/image\\\/\"},\"sameAs\":[\"https:\\\/\\\/www.facebook.com\\\/autosphere.ca\",\"https:\\\/\\\/x.com\\\/autosphere_ca\",\"https:\\\/\\\/www.linkedin.com\\\/company\\\/autosphere-en\"]},{\"@type\":\"Person\",\"@id\":\"https:\\\/\\\/autosphere.ca\\\/fr\\\/#\\\/schema\\\/person\\\/c95c44878e97c8f47193f70320440eac\",\"name\":\"Mario Comtois\",\"image\":{\"@type\":\"ImageObject\",\"inLanguage\":\"fr-FR\",\"@id\":\"https:\\\/\\\/autosphere.ca\\\/wp-content\\\/uploads\\\/2025\\\/04\\\/cropped-Mario-Comtois-96x96.jpg\",\"url\":\"https:\\\/\\\/autosphere.ca\\\/wp-content\\\/uploads\\\/2025\\\/04\\\/cropped-Mario-Comtois-96x96.jpg\",\"contentUrl\":\"https:\\\/\\\/autosphere.ca\\\/wp-content\\\/uploads\\\/2025\\\/04\\\/cropped-Mario-Comtois-96x96.jpg\",\"caption\":\"Mario Comtois\"},\"description\":\"Mario Comtois, pr\u00e9sident de la Division du Qu\u00e9bec de l\u2019AIA Canada est directeur g\u00e9n\u00e9ral de Carrus. Il \u0153uvre dans le secteur depuis plus de 40 ans et tiens \u00e0 en partager sa passion. Mario Comtois, President of the Quebec Division of AIA Canada, is the General Manager of Carrus. He has been active in the industry for over 40 years and is eager to share his passion.\",\"url\":\"https:\\\/\\\/autosphere.ca\\\/fr\\\/author\\\/mario-comtois\\\/\"}]}<\/script>\n<!-- \/ Yoast SEO Premium plugin. -->","yoast_head_json":{"title":"Optimiser les heures facturables en atelier de m\u00e9canique - Autosphere","description":"Est-il possible d'optimiser les heures factur\u00e9es par l'atelier sans exercer de pression indue sur le consommateur ou le technicien ?","robots":{"index":"index","follow":"follow","max-snippet":"max-snippet:-1","max-image-preview":"max-image-preview:large","max-video-preview":"max-video-preview:-1"},"canonical":"https:\/\/autosphere.ca\/fr\/mecanique\/2026\/08\/31\/optimiser-les-heures-facturables-en-atelier-de-mecanique\/","og_locale":"fr_FR","og_type":"article","og_title":"Optimiser les heures facturables en atelier de m\u00e9canique","og_description":"Est-il possible d'optimiser les heures factur\u00e9es par l'atelier sans exercer de pression indue sur le consommateur ou le technicien ?","og_url":"https:\/\/autosphere.ca\/fr\/mecanique\/2026\/08\/31\/optimiser-les-heures-facturables-en-atelier-de-mecanique\/","og_site_name":"Autosphere","article_publisher":"https:\/\/www.facebook.com\/autosphere.ca","article_published_time":"2026-08-31T14:48:28+00:00","og_image":[{"width":758,"height":585,"url":"https:\/\/autosphere.ca\/wp-content\/uploads\/2026\/08\/AAA-3-9.jpg","type":"image\/jpeg"}],"author":"Mario Comtois","twitter_card":"summary_large_image","twitter_creator":"@autosphere_ca","twitter_site":"@autosphere_ca","twitter_misc":{"\u00c9crit par":"Mario Comtois","Dur\u00e9e de lecture estim\u00e9e":"7 minutes"},"schema":{"@context":"https:\/\/schema.org","@graph":[{"@type":"Article","@id":"https:\/\/autosphere.ca\/fr\/mecanique\/2026\/08\/31\/optimiser-les-heures-facturables-en-atelier-de-mecanique\/#article","isPartOf":{"@id":"https:\/\/autosphere.ca\/fr\/mecanique\/2026\/08\/31\/optimiser-les-heures-facturables-en-atelier-de-mecanique\/"},"author":{"name":"Mario Comtois","@id":"https:\/\/autosphere.ca\/fr\/#\/schema\/person\/c95c44878e97c8f47193f70320440eac"},"headline":"Optimiser les heures facturables en atelier de m\u00e9canique","datePublished":"2026-08-31T14:48:28+00:00","mainEntityOfPage":{"@id":"https:\/\/autosphere.ca\/fr\/mecanique\/2026\/08\/31\/optimiser-les-heures-facturables-en-atelier-de-mecanique\/"},"wordCount":1357,"publisher":{"@id":"https:\/\/autosphere.ca\/fr\/#organization"},"image":{"@id":"https:\/\/autosphere.ca\/fr\/mecanique\/2026\/08\/31\/optimiser-les-heures-facturables-en-atelier-de-mecanique\/#primaryimage"},"thumbnailUrl":"https:\/\/autosphere.ca\/wp-content\/uploads\/2026\/08\/AAA-3-9.jpg","keywords":["heures factur\u00e9es"],"articleSection":["\u00c9ditorial","M\u00e9canique"],"inLanguage":"fr-FR","copyrightYear":"2026","copyrightHolder":{"@id":"https:\/\/autosphere.ca\/#organization"}},{"@type":"WebPage","@id":"https:\/\/autosphere.ca\/fr\/mecanique\/2026\/08\/31\/optimiser-les-heures-facturables-en-atelier-de-mecanique\/","url":"https:\/\/autosphere.ca\/fr\/mecanique\/2026\/08\/31\/optimiser-les-heures-facturables-en-atelier-de-mecanique\/","name":"Optimiser les heures facturables en atelier de m\u00e9canique - Autosphere","isPartOf":{"@id":"https:\/\/autosphere.ca\/fr\/#website"},"primaryImageOfPage":{"@id":"https:\/\/autosphere.ca\/fr\/mecanique\/2026\/08\/31\/optimiser-les-heures-facturables-en-atelier-de-mecanique\/#primaryimage"},"image":{"@id":"https:\/\/autosphere.ca\/fr\/mecanique\/2026\/08\/31\/optimiser-les-heures-facturables-en-atelier-de-mecanique\/#primaryimage"},"thumbnailUrl":"https:\/\/autosphere.ca\/wp-content\/uploads\/2026\/08\/AAA-3-9.jpg","datePublished":"2026-08-31T14:48:28+00:00","description":"Est-il possible d'optimiser les heures factur\u00e9es par l'atelier sans exercer de pression indue sur le consommateur ou le technicien ?","breadcrumb":{"@id":"https:\/\/autosphere.ca\/fr\/mecanique\/2026\/08\/31\/optimiser-les-heures-facturables-en-atelier-de-mecanique\/#breadcrumb"},"inLanguage":"fr-FR","potentialAction":[{"@type":"ReadAction","target":["https:\/\/autosphere.ca\/fr\/mecanique\/2026\/08\/31\/optimiser-les-heures-facturables-en-atelier-de-mecanique\/"]}]},{"@type":"ImageObject","inLanguage":"fr-FR","@id":"https:\/\/autosphere.ca\/fr\/mecanique\/2026\/08\/31\/optimiser-les-heures-facturables-en-atelier-de-mecanique\/#primaryimage","url":"https:\/\/autosphere.ca\/wp-content\/uploads\/2026\/08\/AAA-3-9.jpg","contentUrl":"https:\/\/autosphere.ca\/wp-content\/uploads\/2026\/08\/AAA-3-9.jpg","width":758,"height":585},{"@type":"BreadcrumbList","@id":"https:\/\/autosphere.ca\/fr\/mecanique\/2026\/08\/31\/optimiser-les-heures-facturables-en-atelier-de-mecanique\/#breadcrumb","itemListElement":[{"@type":"ListItem","position":1,"name":"Autosphere","item":"https:\/\/autosphere.ca\/fr\/"},{"@type":"ListItem","position":2,"name":"M\u00e9canique","item":"https:\/\/autosphere.ca\/fr\/category\/mecanique\/"},{"@type":"ListItem","position":3,"name":"Optimiser les heures facturables en atelier de m\u00e9canique"}]},{"@type":"WebSite","@id":"https:\/\/autosphere.ca\/fr\/#website","url":"https:\/\/autosphere.ca\/fr\/","name":"Autosphere","description":"Articles et nouvelles de l&#039;industrie automobile","publisher":{"@id":"https:\/\/autosphere.ca\/fr\/#organization"},"potentialAction":[{"@type":"SearchAction","target":{"@type":"EntryPoint","urlTemplate":"https:\/\/autosphere.ca\/fr\/?s={search_term_string}"},"query-input":{"@type":"PropertyValueSpecification","valueRequired":true,"valueName":"search_term_string"}}],"inLanguage":"fr-FR"},{"@type":"Organization","@id":"https:\/\/autosphere.ca\/fr\/#organization","name":"Autosphere","url":"https:\/\/autosphere.ca\/fr\/","logo":{"@type":"ImageObject","inLanguage":"fr-FR","@id":"https:\/\/autosphere.ca\/fr\/#\/schema\/logo\/image\/","url":"https:\/\/autosphere.ca\/wp-content\/uploads\/2021\/06\/AutosphereLogo-SM.png","contentUrl":"https:\/\/autosphere.ca\/wp-content\/uploads\/2021\/06\/AutosphereLogo-SM.png","width":586,"height":586,"caption":"Autosphere"},"image":{"@id":"https:\/\/autosphere.ca\/fr\/#\/schema\/logo\/image\/"},"sameAs":["https:\/\/www.facebook.com\/autosphere.ca","https:\/\/x.com\/autosphere_ca","https:\/\/www.linkedin.com\/company\/autosphere-en"]},{"@type":"Person","@id":"https:\/\/autosphere.ca\/fr\/#\/schema\/person\/c95c44878e97c8f47193f70320440eac","name":"Mario Comtois","image":{"@type":"ImageObject","inLanguage":"fr-FR","@id":"https:\/\/autosphere.ca\/wp-content\/uploads\/2025\/04\/cropped-Mario-Comtois-96x96.jpg","url":"https:\/\/autosphere.ca\/wp-content\/uploads\/2025\/04\/cropped-Mario-Comtois-96x96.jpg","contentUrl":"https:\/\/autosphere.ca\/wp-content\/uploads\/2025\/04\/cropped-Mario-Comtois-96x96.jpg","caption":"Mario Comtois"},"description":"Mario Comtois, pr\u00e9sident de la Division du Qu\u00e9bec de l\u2019AIA Canada est directeur g\u00e9n\u00e9ral de Carrus. Il \u0153uvre dans le secteur depuis plus de 40 ans et tiens \u00e0 en partager sa passion. Mario Comtois, President of the Quebec Division of AIA Canada, is the General Manager of Carrus. He has been active in the industry for over 40 years and is eager to share his passion.","url":"https:\/\/autosphere.ca\/fr\/author\/mario-comtois\/"}]}},"_links":{"self":[{"href":"https:\/\/autosphere.ca\/fr\/wp-json\/wp\/v2\/posts\/462804","targetHints":{"allow":["GET"]}}],"collection":[{"href":"https:\/\/autosphere.ca\/fr\/wp-json\/wp\/v2\/posts"}],"about":[{"href":"https:\/\/autosphere.ca\/fr\/wp-json\/wp\/v2\/types\/post"}],"author":[{"embeddable":true,"href":"https:\/\/autosphere.ca\/fr\/wp-json\/wp\/v2\/users\/395"}],"replies":[{"embeddable":true,"href":"https:\/\/autosphere.ca\/fr\/wp-json\/wp\/v2\/comments?post=462804"}],"version-history":[{"count":1,"href":"https:\/\/autosphere.ca\/fr\/wp-json\/wp\/v2\/posts\/462804\/revisions"}],"predecessor-version":[{"id":462813,"href":"https:\/\/autosphere.ca\/fr\/wp-json\/wp\/v2\/posts\/462804\/revisions\/462813"}],"wp:featuredmedia":[{"embeddable":true,"href":"https:\/\/autosphere.ca\/fr\/wp-json\/wp\/v2\/media\/462805"}],"wp:attachment":[{"href":"https:\/\/autosphere.ca\/fr\/wp-json\/wp\/v2\/media?parent=462804"}],"wp:term":[{"taxonomy":"category","embeddable":true,"href":"https:\/\/autosphere.ca\/fr\/wp-json\/wp\/v2\/categories?post=462804"},{"taxonomy":"post_tag","embeddable":true,"href":"https:\/\/autosphere.ca\/fr\/wp-json\/wp\/v2\/tags?post=462804"}],"curies":[{"name":"wp","href":"https:\/\/api.w.org\/{rel}","templated":true}]}}